{"id":3965,"date":"2025-01-16T06:18:39","date_gmt":"2025-01-16T06:18:39","guid":{"rendered":"https:\/\/haberbesiktas.tr\/?p=3965"},"modified":"2025-01-16T06:18:39","modified_gmt":"2025-01-16T06:18:39","slug":"fenerbahceden-sergen-yalcin-yalanlamasi","status":"publish","type":"post","link":"https:\/\/haberbesiktas.tr\/?p=3965","title":{"rendered":"Fenerbah\u00e7e&#8217;den Sergen Yal\u00e7\u0131n yalanlamas\u0131"},"content":{"rendered":"<div>Fenerbah\u00e7e Kul\u00fcb\u00fc, Lider Ali Ko\u00e7 ile teknik y\u00f6netici Sergen Yal\u00e7\u0131n&#8217;\u0131n g\u00f6r\u00fc\u015fme yapt\u0131\u011f\u0131 sav\u0131n\u0131 yalanlad\u0131.<\/p>\n<p>Kul\u00fcpten yap\u0131lan a\u00e7\u0131klama \u015f\u00f6yle;<br \/> <strong>&#8220;Bug\u00fcn, OdaTv isimli mecrada yay\u0131nlanan Liderimiz Ali Y. Ko\u00e7 ile Sn. Sergen Yal\u00e7\u0131n&#8217;\u0131n g\u00f6r\u00fc\u015fme yapt\u0131\u011f\u0131 sav\u0131, k\u00fclliyen palavrad\u0131r.<\/strong><\/p>\n<p> <strong>Bu haber, malum b\u00f6l\u00fcmlerin alg\u0131 olu\u015fturarak iki camiay\u0131 kar\u015f\u0131 kar\u015f\u0131ya getirme maksad\u0131n\u0131n yans\u0131mas\u0131d\u0131r.&#8221;<br \/><\/strong><\/p>\n<p> <strong>1 ADIM GER\u0130DEN;<br \/><\/strong><br \/><strong>F.BAH\u00c7E&#8217;N\u0130N YALANLADI\u011eI HABER<\/strong><\/p>\n<p> &#8220;Ali Ko\u00e7, Yal\u00e7\u0131n&#8217;a telefon ederek g\u00f6r\u00fc\u015fmek istedi. Yal\u00e7\u0131n, trafik nedeniyle gelemeyece\u011fini s\u00f6ylese de Ko\u00e7, trafi\u011fe tak\u0131lmamas\u0131 i\u00e7in Bebek&#8217;e kendi teknesini g\u00f6nderdi. Ko\u00e7&#8217;un konutuna giden Yal\u00e7\u0131n, Fenerbah\u00e7e i\u00e7in \u00e7e\u015fitli tavsiyeler verdi.<\/p>\n<p> Ko\u00e7&#8217;a, Fenerbah\u00e7e ile Galatasaray ortas\u0131ndan bulunan 8 puan fark i\u00e7in kapanmayacak bir fark olmad\u0131\u011f\u0131n\u0131, kesin kapanaca\u011f\u0131n\u0131 ve rahat olmas\u0131n\u0131 lakin kadroya iki forvet ve bir tane de \u00e2l\u00e2 bir savunmac\u0131 almas\u0131 gerekti\u011fini s\u00f6yleyen Yal\u00e7\u0131n, teknik y\u00f6netici Mourinho&#8217;ya da de\u011findi. Yal\u00e7\u0131n, Mourinho&#8217;nun ma\u00e7lara konsantre olmad\u0131\u011f\u0131n\u0131, \u00f6ylesine saha kenar\u0131nda durdu\u011funu s\u00f6ylerken en b\u00fcy\u00fck problemin konsantrasyon oldu\u011funu belirtti.&#8221;<\/p>\n<p> <strong>\u00a0<\/strong><\/p>\n<\/div>\n","protected":false},"excerpt":{"rendered":"<p>Fenerbah\u00e7e, Lider Ali Ko\u00e7 ile teknik y\u00f6netici Sergen Yal\u00e7\u0131n&#8217;\u0131n g\u00f6r\u00fc\u015fme yapt\u0131\u011f\u0131 sav\u0131n\u0131 yalanlad\u0131.<\/p>\n","protected":false},"author":1,"featured_media":3966,"comment_status":"open","ping_status":"open","sticky":false,"template":"","format":"standard","meta":{"footnotes":""},"categories":[25],"tags":[266],"class_list":["post-3965","post","type-post","status-publish","format-standard","has-post-thumbnail","hentry","category-futbol","tag-koc"],"_links":{"self":[{"href":"https:\/\/haberbesiktas.tr\/index.php?rest_route=\/wp\/v2\/posts\/3965","targetHints":{"allow":["GET"]}}],"collection":[{"href":"https:\/\/haberbesiktas.tr\/index.php?rest_route=\/wp\/v2\/posts"}],"about":[{"href":"https:\/\/haberbesiktas.tr\/index.php?rest_route=\/wp\/v2\/types\/post"}],"author":[{"embeddable":true,"href":"https:\/\/haberbesiktas.tr\/index.php?rest_route=\/wp\/v2\/users\/1"}],"replies":[{"embeddable":true,"href":"https:\/\/haberbesiktas.tr\/index.php?rest_route=%2Fwp%2Fv2%2Fcomments&post=3965"}],"version-history":[{"count":1,"href":"https:\/\/haberbesiktas.tr\/index.php?rest_route=\/wp\/v2\/posts\/3965\/revisions"}],"predecessor-version":[{"id":3967,"href":"https:\/\/haberbesiktas.tr\/index.php?rest_route=\/wp\/v2\/posts\/3965\/revisions\/3967"}],"wp:featuredmedia":[{"embeddable":true,"href":"https:\/\/haberbesiktas.tr\/index.php?rest_route=\/wp\/v2\/media\/3966"}],"wp:attachment":[{"href":"https:\/\/haberbesiktas.tr\/index.php?rest_route=%2Fwp%2Fv2%2Fmedia&parent=3965"}],"wp:term":[{"taxonomy":"category","embeddable":true,"href":"https:\/\/haberbesiktas.tr\/index.php?rest_route=%2Fwp%2Fv2%2Fcategories&post=3965"},{"taxonomy":"post_tag","embeddable":true,"href":"https:\/\/haberbesiktas.tr\/index.php?rest_route=%2Fwp%2Fv2%2Ftags&post=3965"}],"curies":[{"name":"wp","href":"https:\/\/api.w.org\/{rel}","templated":true}]}}