{"id":39749,"date":"2025-06-20T14:24:09","date_gmt":"2025-06-20T14:24:09","guid":{"rendered":"https:\/\/haberbesiktas.tr\/?p=39749"},"modified":"2025-06-20T14:24:09","modified_gmt":"2025-06-20T14:24:09","slug":"cimsa-cbk-mersinde-hedef-ilk-avrupa-zaferi-2","status":"publish","type":"post","link":"https:\/\/haberbesiktas.tr\/?p=39749","title":{"rendered":"\u00c7\u0130MSA \u00c7BK Mersin&#8217;de hedef ilk Avrupa zaferi"},"content":{"rendered":"<div>\n<p>\u0130spanya&#8217;n\u0131n Zaragoza kentinde 9-13 Nisan&#8217;da d\u00fczenlenecek FIBA Kad\u0131nlar Avrupa Ligi 6&#8217;l\u0131 Final tertibinde T\u00fcrkiye&#8217;yi temsil edecek kadrolardan \u00c7\u0130MSA \u00c7BK Mersin, son 2 y\u0131ld\u0131r kazanmaya yakla\u015ft\u0131\u011f\u0131 kupay\u0131 bu d\u00f6nem almak istiyor.<\/p>\n<p> Son y\u0131llarda bayan basketboluna yapt\u0131\u011f\u0131 yat\u0131r\u0131m\u0131n meyvelerini elde etti\u011fi sonu\u00e7larla alan Mersin grubu, son iki d\u00f6nemde Avrupa Ligi&#8217;nde D\u00f6rtl\u00fc Final oynama ba\u015far\u0131s\u0131 g\u00f6sterdi.<\/p>\n<p> Ba\u015fantren\u00f6r Ahmet Kandemir&#8217;in \u00e7al\u0131\u015ft\u0131rd\u0131\u011f\u0131 Mersin temsilcisi, 2023&#8217;te Fenerbah\u00e7e&#8217;ye finalde yenilirken, ge\u00e7en d\u00f6nem ise Avrupa d\u00f6rd\u00fcnc\u00fcs\u00fc olmu\u015ftu.<\/p>\n<p> <span><strong>&#8211; Tertibe moralli geliyor<\/strong><\/span><\/p>\n<p> \u00c7\u0130MSA \u00c7BK Mersin, 6&#8217;l\u0131 Final tertibine T\u00fcrkiye&#8217;de kazand\u0131\u011f\u0131 k\u0131ymetli kupan\u0131n verdi\u011fi moralle gelecek.<\/p>\n<p> K\u0131sa bir m\u00fcddet evvel T\u00fcrkiye Kupas\u0131&#8217;n\u0131 D\u00f6rtl\u00fc Final tertibinde Fenerbah\u00e7e Opet ve Emlak Konut&#8217;u yenerek kazanan \u00c7\u0130MSA \u00c7BK Mersin, kul\u00fcp tarihinin birinci Avrupa \u015fampiyonlu\u011funu elde etmeye \u00e7al\u0131\u015facak.<\/p>\n<p> <span><strong>&#8211; K\u0131ymetli y\u0131ld\u0131zlara sahip<\/strong><\/span><\/p>\n<p> Mersin tak\u0131m\u0131, tak\u0131m\u0131nda bir\u00e7ok k\u0131ymetli y\u0131ld\u0131z\u0131 bar\u0131nd\u0131r\u0131yor.<\/p>\n<p> Kadroda ABD as\u0131ll\u0131 S\u0131rp basketbolcu Yvonne Anderson, ABD&#8217;li Natasha Howard, Kanadal\u0131 Bridget Carleton, \u0130spanyol forvet Maria Perez Araujo, Fransa&#8217;yla olimpiyat ikincisi olan Marine Fauthoux, Iliena Rupert ve Marine Johannes ile A Ulusal Bayan Basketbol Kadrosu&#8217;nda da oynayan Feride \u015eevval Akalan, Pelin Derya Bilgi\u00e7 ve Sinem Ata\u015f forma giyiyor.<\/p>\n<p> <span><strong>&#8211; En skorerler<\/strong><\/span><\/p>\n<p> \u00c7\u0130MSA \u00c7BK Mersin&#8217;in skor y\u00fck\u00fcn\u00fc yabanc\u0131 oyuncular\u0131 \u00e7ekiyor.<\/p>\n<p> ABD&#8217;li uzun forvet Howard ma\u00e7 ba\u015f\u0131na 16,8, Frans\u0131z pivot Rupert 16,5, Frans\u0131z oyun kurucu Johannes 12,3 ve S\u0131rbistan Ulusal Ekibi&#8217;nde da forma giyen oyun kurucu Anderson 11,5 say\u0131 ortalamas\u0131yla u\u011fra\u015f ediyor.<\/p>\n<p> &#8211; K\u00fcmeleri birinci bitirdi, play-in&#8217;i kaybetti<\/p>\n<p> \u00c7\u0130MSA \u00c7BK Mersin, Avrupa Ligi birinci \u00e7e\u015fidinde B Grubu&#8217;nu 6&#8217;da 6 galibiyetle ba\u015fkan tamamlad\u0131.<\/p>\n<p> \u0130kinci cinste ise E K\u00fcmesi&#8217;nde yer alan ve tek ma\u011flubiyetle ba\u015fkan olan Mersin grubu, \u00e7eyrek final play-in tipinde Valencia&#8217;yla e\u015fle\u015fti.<\/p>\n<p> Rakibine deplasmanda 89-57 yenilen \u00c7\u0130MSA \u00c7BK Mersin, ikinci ma\u00e7\u0131 92-77 kazanmas\u0131na kar\u015f\u0131n direkt D\u00f6rtl\u00fc Final&#8217;e kalma talihini kullanamad\u0131.<\/p>\n<p> <span><strong>&#8211; Rakip Tango Bourges Basket<\/strong><\/span><\/p>\n<p> \u00c7\u0130MSA \u00c7BK Mersin, 6&#8217;l\u0131 Final&#8217;in birinci ma\u00e7\u0131nda Frans\u0131z grubu Tango Bourges Basket&#8217;le kar\u015f\u0131la\u015facak.<\/p>\n<p> Rakibini birinci cins k\u00fcmelerinde 77-66 ve 80-76&#8217;l\u0131k skorlarla yenen Mersin tak\u0131m\u0131, 9 Nisan&#8217;da rakibini ma\u011flup ederek \u00fcst \u00fcste 3. kere yar\u0131 finale \u00e7\u0131kmaya \u00e7al\u0131\u015facak.<\/p>\n<p> \u00c7\u0130MSA \u00c7BK Mersin, rakibini elerse yar\u0131 finalde Valencia&#8217;yla kar\u015f\u0131la\u015facak.<\/p>\n<\/div>\n","protected":false},"excerpt":{"rendered":"<p>Basketbol FIBA Kad\u0131nlar Avrupa Ligi 6&#8217;l\u0131 Final tertibinde yer alacak \u00c7BK Mersin, son iki y\u0131ld\u0131r kazanmaya yakla\u015ft\u0131\u011f\u0131 kupay\u0131 bu d\u00f6nem elde etmeye \u00e7al\u0131\u015facak.<\/p>\n","protected":false},"author":1,"featured_media":39750,"comment_status":"open","ping_status":"open","sticky":false,"template":"","format":"standard","meta":{"footnotes":""},"categories":[10],"tags":[148,3014,773,235,1345],"class_list":["post-39749","post","type-post","status-publish","format-standard","has-post-thumbnail","hentry","category-basketbol","tag-basket","tag-cimsa-cbk-mersin","tag-ekibi","tag-final","tag-mersin"],"_links":{"self":[{"href":"https:\/\/haberbesiktas.tr\/index.php?rest_route=\/wp\/v2\/posts\/39749","targetHints":{"allow":["GET"]}}],"collection":[{"href":"https:\/\/haberbesiktas.tr\/index.php?rest_route=\/wp\/v2\/posts"}],"about":[{"href":"https:\/\/haberbesiktas.tr\/index.php?rest_route=\/wp\/v2\/types\/post"}],"author":[{"embeddable":true,"href":"https:\/\/haberbesiktas.tr\/index.php?rest_route=\/wp\/v2\/users\/1"}],"replies":[{"embeddable":true,"href":"https:\/\/haberbesiktas.tr\/index.php?rest_route=%2Fwp%2Fv2%2Fcomments&post=39749"}],"version-history":[{"count":1,"href":"https:\/\/haberbesiktas.tr\/index.php?rest_route=\/wp\/v2\/posts\/39749\/revisions"}],"predecessor-version":[{"id":39751,"href":"https:\/\/haberbesiktas.tr\/index.php?rest_route=\/wp\/v2\/posts\/39749\/revisions\/39751"}],"wp:featuredmedia":[{"embeddable":true,"href":"https:\/\/haberbesiktas.tr\/index.php?rest_route=\/wp\/v2\/media\/39750"}],"wp:attachment":[{"href":"https:\/\/haberbesiktas.tr\/index.php?rest_route=%2Fwp%2Fv2%2Fmedia&parent=39749"}],"wp:term":[{"taxonomy":"category","embeddable":true,"href":"https:\/\/haberbesiktas.tr\/index.php?rest_route=%2Fwp%2Fv2%2Fcategories&post=39749"},{"taxonomy":"post_tag","embeddable":true,"href":"https:\/\/haberbesiktas.tr\/index.php?rest_route=%2Fwp%2Fv2%2Ftags&post=39749"}],"curies":[{"name":"wp","href":"https:\/\/api.w.org\/{rel}","templated":true}]}}