{"id":39761,"date":"2025-06-20T15:12:06","date_gmt":"2025-06-20T15:12:06","guid":{"rendered":"https:\/\/haberbesiktas.tr\/?p=39761"},"modified":"2025-06-20T15:12:06","modified_gmt":"2025-06-20T15:12:06","slug":"irfan-can-kahveci-gectigimiz-sezonun-cok-uzaginda-2","status":"publish","type":"post","link":"https:\/\/haberbesiktas.tr\/?p=39761","title":{"rendered":"\u0130rfan Can Kahveci, ge\u00e7ti\u011fimiz sezonun \u00e7ok uza\u011f\u0131nda"},"content":{"rendered":"<div>\n<p>Fenerbah\u00e7e formas\u0131 giyen \u0130rfan Can Kahveci, ge\u00e7ti\u011fimiz d\u00f6nemin \u00e7ok uza\u011f\u0131nda bir performans sergiliyor.\u00a0<\/p>\n<p> Fenerbah\u00e7e&#8217;nin 29 ya\u015f\u0131ndaki futbolcusu \u0130rfan Can Kahveci, 2023-24 d\u00f6neminde sergiledi\u011fi performans ve skor katk\u0131s\u0131na bu d\u00f6nem yakla\u015famad\u0131.<\/p>\n<p> D\u00f6nemin geride kalan k\u0131sm\u0131nda 36 ma\u00e7ta forma giyen 29 ya\u015f\u0131ndaki futbolcu, bu ma\u00e7lar\u0131n yaln\u0131zca 14&#8217;\u00fcne birinci 11&#8217;de ba\u015flad\u0131. Forma talihi buldu\u011fu ma\u00e7larda yaln\u0131zca 1 gol kaydeden \u0130rfan Can, 3 de asist yapt\u0131. Ba\u015far\u0131l\u0131 futbolcunun ligde bu d\u00f6nem \u015fimdi gol sevinci ya\u015fayamam\u0131\u015f olmas\u0131 da dikkat \u00e7ekti.<\/p>\n<p> Ge\u00e7ti\u011fimiz d\u00f6nem ise t\u00fcm kulvarlarda 30&#8217;u birinci 11 olmak \u00fczere 46 ma\u00e7a \u00e7\u0131kan \u0130rfan Can Kahveci, 18 gol ve 12 asistlik katk\u0131 sa\u011flayarak meslek d\u00f6nemini ya\u015fam\u0131\u015ft\u0131. \u0130rfan Can&#8217;\u0131n performans\u0131ndaki bu d\u00fc\u015f\u00fc\u015f\u00fcn sebeplerinin ise nizaml\u0131 forma talihi bulamamas\u0131 ve ya\u015fad\u0131\u011f\u0131 hafif sakatl\u0131klar olarak g\u00f6r\u00fcl\u00fcyor.<\/p>\n<p> \u00d6te yandan 2021 y\u0131l\u0131nda Fenerbah\u00e7e&#8217;ye transfer olan 29 ya\u015f\u0131ndaki futbolcu, sar\u0131-lacivertli gruba skor olarak en az katk\u0131 sa\u011flad\u0131\u011f\u0131 d\u00f6nemi ge\u00e7iriyor.<\/p>\n<p> <strong>JOSE MOURINHO: \u0130RFAN CAN D\u00d6NEM \u0130\u00c7ER\u0130S\u0130NDE \u00c7OK FAZLA SORUN YA\u015eADI<\/strong><\/p>\n<p> Fenerbah\u00e7e Teknik Y\u00f6neticisi Jose Mourinho, Trabzonspor ma\u00e7\u0131n\u0131n akabinde yapt\u0131\u011f\u0131 a\u00e7\u0131klamada, \u0130rfan Can&#8217;\u0131n d\u00f6nem i\u00e7erisinde \u00e7ok fazla sakatl\u0131k sorunu ya\u015fad\u0131\u011f\u0131n\u0131 belirtti. Trabzonspor&#8217;u konuk ettikleri ma\u00e7ta taraftarlar\u0131n \u0130rfan Can Kahveci i\u00e7in tezah\u00fcratlarda bulunmas\u0131na da de\u011finen tecr\u00fcbeli teknik adam, <strong>&#8220;Taraftar\u0131n \u0130rfan&#8217;\u0131n ismini ba\u011f\u0131rmas\u0131ndan \u00f6t\u00fcr\u00fc memnunum. Fenerbah\u00e7e&#8217;nin asgar\u00ee 35 milyon teknik y\u00f6neticisi var. Fakat yaln\u0131zca 1 ki\u015fi bu kararlar\u0131 veriyor. Stadyumda oyuncular\u0131n isminin ba\u011f\u0131r\u0131l\u0131yor olmas\u0131 benim farkl\u0131 bir karar vermemi sa\u011flayacak de\u011fil. \u0130rfan Can d\u00f6nem i\u00e7erisinde \u00e7ok fazla sorun ya\u015fad\u0131. Son idmanda ad\u0131m ad\u0131m ekibe kat\u0131ld\u0131. 35 milyon taraftar\u0131m\u0131z bu usul \u015feyleri bilmiyor fakat 1 ki\u015fi biliyor&#8221;<\/strong> halinde konu\u015ftu.<\/p>\n<\/div>\n","protected":false},"excerpt":{"rendered":"<p>Fenerbah\u00e7e&#8217;nin 29 ya\u015f\u0131ndaki futbolcusu \u0130rfan Can Kahveci, bu d\u00f6nem ge\u00e7en y\u0131lki performans\u0131ndan uzak kald\u0131.<\/p>\n","protected":false},"author":1,"featured_media":39762,"comment_status":"open","ping_status":"open","sticky":false,"template":"","format":"standard","meta":{"footnotes":""},"categories":[10],"tags":[115,2143,57],"class_list":["post-39761","post","type-post","status-publish","format-standard","has-post-thumbnail","hentry","category-basketbol","tag-fenerbahce","tag-irfan-can","tag-sezon"],"_links":{"self":[{"href":"https:\/\/haberbesiktas.tr\/index.php?rest_route=\/wp\/v2\/posts\/39761","targetHints":{"allow":["GET"]}}],"collection":[{"href":"https:\/\/haberbesiktas.tr\/index.php?rest_route=\/wp\/v2\/posts"}],"about":[{"href":"https:\/\/haberbesiktas.tr\/index.php?rest_route=\/wp\/v2\/types\/post"}],"author":[{"embeddable":true,"href":"https:\/\/haberbesiktas.tr\/index.php?rest_route=\/wp\/v2\/users\/1"}],"replies":[{"embeddable":true,"href":"https:\/\/haberbesiktas.tr\/index.php?rest_route=%2Fwp%2Fv2%2Fcomments&post=39761"}],"version-history":[{"count":1,"href":"https:\/\/haberbesiktas.tr\/index.php?rest_route=\/wp\/v2\/posts\/39761\/revisions"}],"predecessor-version":[{"id":39763,"href":"https:\/\/haberbesiktas.tr\/index.php?rest_route=\/wp\/v2\/posts\/39761\/revisions\/39763"}],"wp:featuredmedia":[{"embeddable":true,"href":"https:\/\/haberbesiktas.tr\/index.php?rest_route=\/wp\/v2\/media\/39762"}],"wp:attachment":[{"href":"https:\/\/haberbesiktas.tr\/index.php?rest_route=%2Fwp%2Fv2%2Fmedia&parent=39761"}],"wp:term":[{"taxonomy":"category","embeddable":true,"href":"https:\/\/haberbesiktas.tr\/index.php?rest_route=%2Fwp%2Fv2%2Fcategories&post=39761"},{"taxonomy":"post_tag","embeddable":true,"href":"https:\/\/haberbesiktas.tr\/index.php?rest_route=%2Fwp%2Fv2%2Ftags&post=39761"}],"curies":[{"name":"wp","href":"https:\/\/api.w.org\/{rel}","templated":true}]}}