{"id":39764,"date":"2025-06-20T15:24:06","date_gmt":"2025-06-20T15:24:06","guid":{"rendered":"https:\/\/haberbesiktas.tr\/?p=39764"},"modified":"2025-06-20T15:24:06","modified_gmt":"2025-06-20T15:24:06","slug":"usaksporun-baskani-maci-vincten-izledi-2","status":"publish","type":"post","link":"https:\/\/haberbesiktas.tr\/?p=39764","title":{"rendered":"U\u015fakspor&#8217;un ba\u015fkan\u0131, ma\u00e7\u0131 vin\u00e7ten izledi"},"content":{"rendered":"<div>3&#8217;\u00fcnc\u00fc Lig 2&#8217;nci K\u00fcme&#8217;de Play-Off potas\u0131ndaki U\u015fakspor, konutunda \u00f6nder Mu\u011flaspor&#8217;la 0-0 berabere kalarak yenilmezlik serisini 10 ma\u00e7a \u00e7\u0131kard\u0131.<\/p>\n<p> <span><strong>BA\u015eKAN KURNAZ, MA\u00c7I V\u0130N\u00c7TEN SEYRETT\u0130<\/strong><\/span><\/p>\n<p> K\u00fcmede son 3 haftaya 42 puanla takip\u00e7ilerinin 3 puan \u00f6n\u00fcnde Play-Off s\u0131n\u0131r\u0131nda giren U\u015fak&#8217;ta lider Do\u011fukan Kurnaz, Profesyonel Futbol Disiplin Konseyi&#8217;nden ald\u0131\u011f\u0131 hak mahrumiyeti cezas\u0131 nedeniyle ma\u00e7\u0131 trib\u00fcnden izleyemedi.<\/p>\n<p> Lider Kurnaz, devay\u0131 vin\u00e7 kiralamakta buldu. U\u015fak 1 Eyl\u00fcl Stad\u0131&#8217;nda trib\u00fcnlerin dolu oldu\u011fu m\u00fcsabakay\u0131 Do\u011fukan Kurnaz stat d\u0131\u015f\u0131ndan vin\u00e7 \u00fczerinden takip etti.<\/p>\n<p> \u00a0<\/p>\n<p> \u00a0<\/p>\n<p> \u00a0<\/p>\n<p> \u00a0<\/p>\n<\/div>\n","protected":false},"excerpt":{"rendered":"<p>U\u015fakspor kul\u00fcb\u00fc lideri Do\u011fukan Kurnaz, ekibinin Mu\u011flaspor&#8217;la 0-0 berabere kald\u0131\u011f\u0131 ma\u00e7\u0131 vin\u00e7 \u00fczerinde takip etti.<\/p>\n","protected":false},"author":1,"featured_media":39765,"comment_status":"open","ping_status":"open","sticky":false,"template":"","format":"standard","meta":{"footnotes":""},"categories":[10],"tags":[],"class_list":["post-39764","post","type-post","status-publish","format-standard","has-post-thumbnail","hentry","category-basketbol"],"_links":{"self":[{"href":"https:\/\/haberbesiktas.tr\/index.php?rest_route=\/wp\/v2\/posts\/39764","targetHints":{"allow":["GET"]}}],"collection":[{"href":"https:\/\/haberbesiktas.tr\/index.php?rest_route=\/wp\/v2\/posts"}],"about":[{"href":"https:\/\/haberbesiktas.tr\/index.php?rest_route=\/wp\/v2\/types\/post"}],"author":[{"embeddable":true,"href":"https:\/\/haberbesiktas.tr\/index.php?rest_route=\/wp\/v2\/users\/1"}],"replies":[{"embeddable":true,"href":"https:\/\/haberbesiktas.tr\/index.php?rest_route=%2Fwp%2Fv2%2Fcomments&post=39764"}],"version-history":[{"count":1,"href":"https:\/\/haberbesiktas.tr\/index.php?rest_route=\/wp\/v2\/posts\/39764\/revisions"}],"predecessor-version":[{"id":39766,"href":"https:\/\/haberbesiktas.tr\/index.php?rest_route=\/wp\/v2\/posts\/39764\/revisions\/39766"}],"wp:featuredmedia":[{"embeddable":true,"href":"https:\/\/haberbesiktas.tr\/index.php?rest_route=\/wp\/v2\/media\/39765"}],"wp:attachment":[{"href":"https:\/\/haberbesiktas.tr\/index.php?rest_route=%2Fwp%2Fv2%2Fmedia&parent=39764"}],"wp:term":[{"taxonomy":"category","embeddable":true,"href":"https:\/\/haberbesiktas.tr\/index.php?rest_route=%2Fwp%2Fv2%2Fcategories&post=39764"},{"taxonomy":"post_tag","embeddable":true,"href":"https:\/\/haberbesiktas.tr\/index.php?rest_route=%2Fwp%2Fv2%2Ftags&post=39764"}],"curies":[{"name":"wp","href":"https:\/\/api.w.org\/{rel}","templated":true}]}}