{"id":3977,"date":"2025-01-16T07:07:04","date_gmt":"2025-01-16T07:07:04","guid":{"rendered":"https:\/\/haberbesiktas.tr\/?p=3977"},"modified":"2025-01-16T07:07:04","modified_gmt":"2025-01-16T07:07:04","slug":"bodrum-fk-penalti-bekledi-devam-karari-cikti","status":"publish","type":"post","link":"https:\/\/haberbesiktas.tr\/?p=3977","title":{"rendered":"Bodrum FK penalt\u0131 bekledi, devam karar\u0131 \u00e7\u0131kt\u0131"},"content":{"rendered":"<div>Be\u015fikta\u015f &#8211; Bodrum FK ma\u00e7\u0131n\u0131n 29. dakikas\u0131nda Bodrum FK penalt\u0131 bekledi.<\/p>\n<p> Kullan\u0131lan k\u00f6\u015fe vuru\u015funda Ciro Immobile topu uzakla\u015ft\u0131r\u0131rken ikili u\u011fra\u015fa girdi\u011fi Seferi yerde kald\u0131 ve bir m\u00fcddet yerden kalkamad\u0131.<\/p>\n<p> Immobile&#8217;nin Seferi&#8217;nin baca\u011f\u0131na m\u00fcdahale etti\u011fi gerek\u00e7esiyle hakem Mehmet T\u00fcrkmen&#8217;e itirazlarda bulunan Bodrum FK&#8217;li oyuncular, T\u00fcrkmen&#8217;in VAR ile g\u00f6r\u00fc\u015ft\u00fc\u011f\u00fcn\u00fc s\u00f6ylemesi sonras\u0131 bekleyi\u015fe ge\u00e7ti.<\/p>\n<p> Daha sonra VAR&#8217;dan inceleme uyar\u0131s\u0131 gelmeyince oyun kald\u0131\u011f\u0131 yerden devam etti.<\/p>\n<\/div>\n","protected":false},"excerpt":{"rendered":"<p>Be\u015fikta\u015f &#8211; Bodrum FK ma\u00e7\u0131n\u0131n 29. dakikas\u0131nda Bodrum FK penalt\u0131 bekledi.<\/p>\n","protected":false},"author":1,"featured_media":3978,"comment_status":"open","ping_status":"open","sticky":false,"template":"","format":"standard","meta":{"footnotes":""},"categories":[25],"tags":[],"class_list":["post-3977","post","type-post","status-publish","format-standard","has-post-thumbnail","hentry","category-futbol"],"_links":{"self":[{"href":"https:\/\/haberbesiktas.tr\/index.php?rest_route=\/wp\/v2\/posts\/3977","targetHints":{"allow":["GET"]}}],"collection":[{"href":"https:\/\/haberbesiktas.tr\/index.php?rest_route=\/wp\/v2\/posts"}],"about":[{"href":"https:\/\/haberbesiktas.tr\/index.php?rest_route=\/wp\/v2\/types\/post"}],"author":[{"embeddable":true,"href":"https:\/\/haberbesiktas.tr\/index.php?rest_route=\/wp\/v2\/users\/1"}],"replies":[{"embeddable":true,"href":"https:\/\/haberbesiktas.tr\/index.php?rest_route=%2Fwp%2Fv2%2Fcomments&post=3977"}],"version-history":[{"count":1,"href":"https:\/\/haberbesiktas.tr\/index.php?rest_route=\/wp\/v2\/posts\/3977\/revisions"}],"predecessor-version":[{"id":3979,"href":"https:\/\/haberbesiktas.tr\/index.php?rest_route=\/wp\/v2\/posts\/3977\/revisions\/3979"}],"wp:featuredmedia":[{"embeddable":true,"href":"https:\/\/haberbesiktas.tr\/index.php?rest_route=\/wp\/v2\/media\/3978"}],"wp:attachment":[{"href":"https:\/\/haberbesiktas.tr\/index.php?rest_route=%2Fwp%2Fv2%2Fmedia&parent=3977"}],"wp:term":[{"taxonomy":"category","embeddable":true,"href":"https:\/\/haberbesiktas.tr\/index.php?rest_route=%2Fwp%2Fv2%2Fcategories&post=3977"},{"taxonomy":"post_tag","embeddable":true,"href":"https:\/\/haberbesiktas.tr\/index.php?rest_route=%2Fwp%2Fv2%2Ftags&post=3977"}],"curies":[{"name":"wp","href":"https:\/\/api.w.org\/{rel}","templated":true}]}}