{"id":39789,"date":"2025-06-20T17:12:06","date_gmt":"2025-06-20T17:12:06","guid":{"rendered":"https:\/\/haberbesiktas.tr\/?p=39789"},"modified":"2025-06-20T17:12:06","modified_gmt":"2025-06-20T17:12:06","slug":"virgil-van-dijktan-sozlesme-aciklamasi-2","status":"publish","type":"post","link":"https:\/\/haberbesiktas.tr\/?p=39789","title":{"rendered":"Virgil Van Dijk&#8217;tan s\u00f6zle\u015fme a\u00e7\u0131klamas\u0131!"},"content":{"rendered":"<div>Liverpool ile olan kontrat\u0131 d\u00f6nem sonunda sona erecek olan Virgil van Dijk, Fulham ma\u00e7\u0131n\u0131n akabinde fla\u015f a\u00e7\u0131klamalarda bulundu.<\/p>\n<p> Kul\u00fcb\u00fc ve taraftarlar\u0131 sevdi\u011fini belirten deneyimli stoper,<strong> &#8220;Bu kul\u00fcb\u00fc ve taraftarlar\u0131 seviyorum. Yeniden yan\u0131m\u0131zdalard\u0131. Onlara galibiyetle kar\u015f\u0131l\u0131k vermek istedik. Onlardan ricam, pazar g\u00fcn\u00fc de orada olmalar\u0131 ve stadyumu her vakit oldu\u011fu \u00fczere ola\u011fan\u00fcst\u00fc bir atmosfere \u00e7evirmeleri.&#8221;<\/strong> dedi.<\/p>\n<p> <strong>S\u00d6ZLE\u015eME A\u00c7IKLAMASI<\/strong><\/p>\n<p> Hollandal\u0131 savunmac\u0131 gelece\u011fi hakk\u0131nda ise, <strong>&#8220;Evet, g\u00f6r\u00fc\u015fmelerde ilerleme var. Bak\u0131n, bunlar kul\u00fcp i\u00e7i g\u00f6r\u00fc\u015fmeler ve neler olaca\u011f\u0131n\u0131 g\u00f6rece\u011fiz.&#8221;<\/strong> kelamlar\u0131n\u0131 sarf etti.<\/p>\n<p> <strong>&#8220;WEST HAM MA\u00c7INA ODAKLANMALIYIZ&#8221;<\/strong><\/p>\n<p> \u00d6te yandan kadrosunun bu hezimetten \u00e7abuk toparlanaca\u011f\u0131na inand\u0131\u011f\u0131n\u0131 s\u00f6yleyen Van Dijk, <strong>&#8220;\u00c7ok \u00e7al\u0131\u015faca\u011f\u0131z. \u00c7ok uygun bir durumday\u0131z lakin bilhassa birinci yar\u0131daki \u00fczere ma\u00e7lar bize i\u015fin \u015fimdi bitmedi\u011fini g\u00f6steriyor. Bunu her hafta s\u00f6yl\u00fcyorum. Kadromuzda bu i\u015fin hala tamamlanmad\u0131\u011f\u0131na dair bir zihniyet var. Art\u0131k bu yenilgisi hem fizik\u00ee hem de zihinsel olarak atlat\u0131p West Ham ma\u00e7\u0131na odaklanmal\u0131y\u0131z.&#8221; <\/strong>ifadelerini kulland\u0131.<\/p>\n<p> <strong>BU SEZONK\u0130 PERFORMANSI<\/strong><\/p>\n<p> 2024\/25 d\u00f6neminde \u0130ngiliz devi ile t\u00fcm kulvarlarda 43 ma\u00e7a \u00e7\u0131kan 33 ya\u015f\u0131ndaki Virgil van Dijk, 3 gol ve 1 asistlik performans sergiledi.<\/p>\n<\/div>\n","protected":false},"excerpt":{"rendered":"<p>Liverpool kaptan\u0131 Virgil van Dijk, d\u00f6nem sonunda sona erecek mukavelesiyle ilgili g\u00f6r\u00fc\u015fmelerde ilerleme kaydedildi\u011fini duyurdu. Hollandal\u0131 y\u0131ld\u0131z, kul\u00fcpteki gelece\u011fiyle ilgili belirsizlik devam ederken, Fulham kar\u015f\u0131s\u0131nda al\u0131nan 3-2&#8217;lik yenilgi sonras\u0131 konu\u015ftu.<\/p>\n","protected":false},"author":1,"featured_media":39790,"comment_status":"open","ping_status":"open","sticky":false,"template":"","format":"standard","meta":{"footnotes":""},"categories":[10],"tags":[],"class_list":["post-39789","post","type-post","status-publish","format-standard","has-post-thumbnail","hentry","category-basketbol"],"_links":{"self":[{"href":"https:\/\/haberbesiktas.tr\/index.php?rest_route=\/wp\/v2\/posts\/39789","targetHints":{"allow":["GET"]}}],"collection":[{"href":"https:\/\/haberbesiktas.tr\/index.php?rest_route=\/wp\/v2\/posts"}],"about":[{"href":"https:\/\/haberbesiktas.tr\/index.php?rest_route=\/wp\/v2\/types\/post"}],"author":[{"embeddable":true,"href":"https:\/\/haberbesiktas.tr\/index.php?rest_route=\/wp\/v2\/users\/1"}],"replies":[{"embeddable":true,"href":"https:\/\/haberbesiktas.tr\/index.php?rest_route=%2Fwp%2Fv2%2Fcomments&post=39789"}],"version-history":[{"count":1,"href":"https:\/\/haberbesiktas.tr\/index.php?rest_route=\/wp\/v2\/posts\/39789\/revisions"}],"predecessor-version":[{"id":39791,"href":"https:\/\/haberbesiktas.tr\/index.php?rest_route=\/wp\/v2\/posts\/39789\/revisions\/39791"}],"wp:featuredmedia":[{"embeddable":true,"href":"https:\/\/haberbesiktas.tr\/index.php?rest_route=\/wp\/v2\/media\/39790"}],"wp:attachment":[{"href":"https:\/\/haberbesiktas.tr\/index.php?rest_route=%2Fwp%2Fv2%2Fmedia&parent=39789"}],"wp:term":[{"taxonomy":"category","embeddable":true,"href":"https:\/\/haberbesiktas.tr\/index.php?rest_route=%2Fwp%2Fv2%2Fcategories&post=39789"},{"taxonomy":"post_tag","embeddable":true,"href":"https:\/\/haberbesiktas.tr\/index.php?rest_route=%2Fwp%2Fv2%2Ftags&post=39789"}],"curies":[{"name":"wp","href":"https:\/\/api.w.org\/{rel}","templated":true}]}}