{"id":39797,"date":"2025-06-20T17:48:06","date_gmt":"2025-06-20T17:48:06","guid":{"rendered":"https:\/\/haberbesiktas.tr\/?p=39797"},"modified":"2025-06-20T17:48:06","modified_gmt":"2025-06-20T17:48:06","slug":"bayern-munihte-leroy-sane-gelismesi-2","status":"publish","type":"post","link":"https:\/\/haberbesiktas.tr\/?p=39797","title":{"rendered":"Bayern M\u00fcnih&#8217;te Leroy Sane geli\u015fmesi"},"content":{"rendered":"<div>Bayern M\u00fcnih, Leroy Sane ile yeni mukavele g\u00f6r\u00fc\u015fmelerine devam ediyor.<\/p>\n<p> Sky&#8217;da yer alan habere nazaran, performans\u0131n\u0131n giderek artmas\u0131 ve kalmak istemesi nedeniyle Bayern M\u00fcnih, Sane&#8217;yi grupta tutmak istiyor.<\/p>\n<p> Alman tak\u0131m\u0131n\u0131n, 29 ya\u015f\u0131ndaki futbolcuyla 2028 y\u0131l\u0131na kadar s\u00fcrecek yeni mukavele imzalamak istedi\u011fi belirtildi.<\/p>\n<p><strong>Y\u00d6NET\u0130ME B\u0130LD\u0130RD\u0130<\/strong><\/p>\n<p> Bayern M\u00fcnih ismine Sane ile g\u00f6r\u00fc\u015fmeleri y\u00fcr\u00fcten sportif y\u00f6netici Max Eberl&#8217;in, idare heyetine Alman y\u0131ld\u0131zla 2028 y\u0131l\u0131na kadar kontrat uzatmak istedi\u011fini bildirdi\u011fi aktar\u0131ld\u0131.<\/p>\n<p><strong>BU D\u00d6NEM PERFORMANSI<\/strong><\/p>\n<p> Sane&#8217;nin ise Arsenal&#8217;in ilgisine kar\u015f\u0131n grupta kalmak ve Bayern M\u00fcnih ile yeni kontrat imzalamak konusunda istekli oldu\u011fu vurguland\u0131.<\/p>\n<p> Bayern M\u00fcnih&#8217;te bu d\u00f6nem 37 ma\u00e7ta m\u00fcddet bulan Sane, 11 gol att\u0131 ve 5 asist yapt\u0131.<\/p>\n<\/div>\n","protected":false},"excerpt":{"rendered":"<p>Bayern M\u00fcnih, Leroy Sane ile 2028&#8217;e kadar s\u00fcrecek yeni mukavele imzalamak istiyor.<\/p>\n","protected":false},"author":1,"featured_media":39798,"comment_status":"open","ping_status":"open","sticky":false,"template":"","format":"standard","meta":{"footnotes":""},"categories":[10],"tags":[1171,55],"class_list":["post-39797","post","type-post","status-publish","format-standard","has-post-thumbnail","hentry","category-basketbol","tag-bayern-munih","tag-sane"],"_links":{"self":[{"href":"https:\/\/haberbesiktas.tr\/index.php?rest_route=\/wp\/v2\/posts\/39797","targetHints":{"allow":["GET"]}}],"collection":[{"href":"https:\/\/haberbesiktas.tr\/index.php?rest_route=\/wp\/v2\/posts"}],"about":[{"href":"https:\/\/haberbesiktas.tr\/index.php?rest_route=\/wp\/v2\/types\/post"}],"author":[{"embeddable":true,"href":"https:\/\/haberbesiktas.tr\/index.php?rest_route=\/wp\/v2\/users\/1"}],"replies":[{"embeddable":true,"href":"https:\/\/haberbesiktas.tr\/index.php?rest_route=%2Fwp%2Fv2%2Fcomments&post=39797"}],"version-history":[{"count":1,"href":"https:\/\/haberbesiktas.tr\/index.php?rest_route=\/wp\/v2\/posts\/39797\/revisions"}],"predecessor-version":[{"id":39799,"href":"https:\/\/haberbesiktas.tr\/index.php?rest_route=\/wp\/v2\/posts\/39797\/revisions\/39799"}],"wp:featuredmedia":[{"embeddable":true,"href":"https:\/\/haberbesiktas.tr\/index.php?rest_route=\/wp\/v2\/media\/39798"}],"wp:attachment":[{"href":"https:\/\/haberbesiktas.tr\/index.php?rest_route=%2Fwp%2Fv2%2Fmedia&parent=39797"}],"wp:term":[{"taxonomy":"category","embeddable":true,"href":"https:\/\/haberbesiktas.tr\/index.php?rest_route=%2Fwp%2Fv2%2Fcategories&post=39797"},{"taxonomy":"post_tag","embeddable":true,"href":"https:\/\/haberbesiktas.tr\/index.php?rest_route=%2Fwp%2Fv2%2Ftags&post=39797"}],"curies":[{"name":"wp","href":"https:\/\/api.w.org\/{rel}","templated":true}]}}