{"id":3980,"date":"2025-01-16T07:30:39","date_gmt":"2025-01-16T07:30:39","guid":{"rendered":"https:\/\/haberbesiktas.tr\/?p=3980"},"modified":"2025-01-16T07:30:39","modified_gmt":"2025-01-16T07:30:39","slug":"fenerbahceden-galatasaray-karaborsa-cevabi","status":"publish","type":"post","link":"https:\/\/haberbesiktas.tr\/?p=3980","title":{"rendered":"Fenerbah\u00e7e&#8217;den Galatasaray &#8220;karaborsa&#8221; cevab\u0131"},"content":{"rendered":"<div>Fenerbah\u00e7e Kul\u00fcb\u00fc, Galatasaray Kul\u00fcb\u00fc&#8217;ne &#8220;karaborsa bilet&#8221; tezleri hakk\u0131nda bir yan\u0131t verdi.<\/p>\n<p><strong>\u0130\u015fte Fenerbah\u00e7e&#8217;nin a\u00e7\u0131klamas\u0131;<\/strong><\/p>\n<p>&#8220;Ba\u015fkan\u0131m\u0131z Ali Y. Ko\u00e7&#8217;un bas\u0131n toplant\u0131s\u0131nda s\u00f6z etti\u011fi karaborsa tezleriyle ilgili toplumsal medyada, bas\u0131n toplant\u0131s\u0131n\u0131n yap\u0131ld\u0131\u011f\u0131 tarihten bu vakte kadar soru\u015fturmay\u0131 ilgilendiren k\u0131ymetli ayr\u0131nt\u0131lar ortaya \u00e7\u0131km\u0131\u015ft\u0131r.<\/p>\n<p>Bu ayr\u0131nt\u0131lar \u00fczerine Kul\u00fcb\u00fcm\u00fcz, kuvvetli hata ku\u015fkusu oldu\u011fu fikrine kar\u015f\u0131n verilen &#8216;kovu\u015fturmaya yer olmad\u0131\u011f\u0131&#8217; karar\u0131na kar\u015f\u0131 31 Aral\u0131k 2024 tarihi itibariyle yapt\u0131\u011f\u0131 itiraz\u0131 kamuoyu ile payla\u015fm\u0131\u015f;<\/p>\n<p> Kamu vicdan\u0131 a\u00e7\u0131s\u0131ndan soru\u015fturman\u0131n derinle\u015fmesinin zarur\u00ee oldu\u011funu vurgulam\u0131\u015ft\u0131r. <br \/>\u0130ddialar\u0131n g\u00fcndeme geldi\u011fi andan bu g\u00fcne kadar sessizli\u011fe b\u00fcr\u00fcnen Galatasaray Kul\u00fcb\u00fc, bug\u00fcn savlar\u0131n kamuoyunda yer bulmas\u0131 sebebiyle bir a\u00e7\u0131klama yapm\u0131\u015ft\u0131r.<\/p>\n<p> Yap\u0131lan a\u00e7\u0131klamada karaborsa bilet savlar\u0131 t\u00fcrel ger\u00e7eklerden ve cevaplanmas\u0131 gereken tezlerden kopart\u0131r\u0131larak; al\u0131\u015fkanl\u0131klar\u0131 oldu\u011fu formda b\u00fcsb\u00fct\u00fcn \u00e7arp\u0131t\u0131lm\u0131\u015ft\u0131r.<\/p>\n<p> Galatasaray Kul\u00fcb\u00fc&#8217;n\u00fcn eski bir \u00e7al\u0131\u015fan\u0131n\u0131n Cumhuriyet Savc\u0131l\u0131\u011f\u0131&#8217;na verdi\u011fi, vahim tezlerin yer ald\u0131\u011f\u0131 s\u00f6zde;<\/p>\n<p> \u2022 Kul\u00fcp binas\u0131nda bulunan UEFA odas\u0131n\u0131n, <br \/>GS Genel Sekreteri Eray Yazgan, GS Y\u00f6netim Kurulu \u00dcyesi Bora Bah\u00e7etepe ve eski y\u00f6netim kurulu \u00fcyesi Alper Narman taraf\u0131ndan karaborsa faaliyetlerinde kullan\u0131ld\u0131\u011f\u0131,<\/p>\n<p> \u2022 Karaborsa faaliyetlerinde kul\u00fcp \u00e7al\u0131\u015fanlar\u0131n\u0131n banka hesaplar\u0131n\u0131n kullan\u0131ld\u0131\u011f\u0131,<br \/>\u2022 Kul\u00fcb\u00fcn kurumsal kombine m\u00fc\u015fterilerinden olan bir \u015firket ve \u015firket yetkilisinin bu i\u015flerin oda\u011f\u0131nda oldu\u011fu, yer almaktad\u0131r. <br \/>Galatasaray Kul\u00fcb\u00fc&#8217;n\u00fcn yaln\u0131zca bu \u015fahit tabiri \u00fczerinde durmas\u0131; mevzuyu \u00e7arp\u0131tarak olay\u0131n ciddiyetinden ve vahametinden ka\u00e7mak istediklerinin aleni bir g\u00f6stergesidir.<br \/>Bilmiyorlarsa;<br \/>\u2022 Bu arg\u00fcman birinci olarak kendi Divan Kurulu toplant\u0131lar\u0131nda Hayri Kozak taraf\u0131ndan g\u00fcndeme getirilmi\u015f,<br \/>\u2022 Daha evvel \u0130dare konseylerinde vazife yapm\u0131\u015f Fatih Altayl\u0131 taraf\u0131ndan tekraren g\u00fcndeme getirilmi\u015f,<br \/>\u2022 Son olarak da yeniden eski bir Y\u00f6netim Kurulu \u00dcyesi olan Rezzan Ep\u00f6zdemir taraf\u0131ndan hata duyurusunda bulunmakla yarg\u0131ya ta\u015f\u0131nm\u0131\u015ft\u0131r.<br \/>Kamuoyu bilmelidir ki Galatasaray Kul\u00fcb\u00fc bug\u00fcn yapt\u0131\u011f\u0131 a\u00e7\u0131klaman\u0131n tam tersine karaborsa savlar\u0131 ile ilgili \u015fikayet\u00e7i olmam\u0131\u015ft\u0131r. <br \/>Ba\u015fkanlar\u0131 savc\u0131l\u0131\u011fa yapt\u0131\u011f\u0131 m\u00fcracaatta yaln\u0131zca bu savlar\u0131 g\u00fcndeme getirenlerin tespitini ve cezaland\u0131r\u0131lmas\u0131n\u0131 talep etmi\u015ftir. <br \/>Kamuoyunun dikkatinden ka\u00e7\u0131rmak istedikleri;<br \/>kendi topluluklar\u0131 i\u00e7erisinde de\u011ferli vazifelerde bulunmu\u015f farkl\u0131 bireylerin savlar\u0131n\u0131n ger\u00e7ekli\u011finin ara\u015ft\u0131r\u0131lmas\u0131 ve sorgulanmas\u0131n\u0131 engellemek, bu tezleri de\u011fersizle\u015ftirerek kamuoyunun g\u00fcndemi g\u00f6rmezden gelmesini sa\u011flamakt\u0131r.<\/p>\n<p> \u0130lgili kul\u00fcp taraf\u0131ndan her ne kadar bu vahim olay\u0131n \u00fczeri kapat\u0131larak s\u00fcrecin bitti\u011fi izlenimi verilmeye \u00e7al\u0131\u015f\u0131lsa da Fenerbah\u00e7e Spor Kul\u00fcb\u00fc olarak bu olay\u0131n sonuna kadar titizlikle takip\u00e7isi olaca\u011f\u0131m\u0131z\u0131 kamuoyunun bilgisine sunar\u0131z. <br \/>Ayr\u0131ca Galatasaray Kul\u00fcb\u00fc&#8217;n\u00fcn yapt\u0131\u011f\u0131 a\u00e7\u0131klamada yer alan hukuk d\u0131\u015f\u0131 tabirleri ile ilgili de gerekli ad\u0131mlar taraf\u0131m\u0131zca at\u0131lacakt\u0131r.&#8221;<\/p>\n<\/div>\n","protected":false},"excerpt":{"rendered":"<p>Fenerbah\u00e7e Kul\u00fcb\u00fc, Galatasaray Kul\u00fcb\u00fc&#8217;ne &#8220;karaborsa bilet&#8221; savlar\u0131 hakk\u0131nda bir kar\u015f\u0131l\u0131k verdi.<\/p>\n","protected":false},"author":1,"featured_media":3981,"comment_status":"open","ping_status":"open","sticky":false,"template":"","format":"standard","meta":{"footnotes":""},"categories":[25],"tags":[538,523,537,524,539],"class_list":["post-3980","post","type-post","status-publish","format-standard","has-post-thumbnail","hentry","category-futbol","tag-galatasaray-kulubu","tag-iddialari","tag-kamuoyu","tag-karaborsa","tag-tarafindan"],"_links":{"self":[{"href":"https:\/\/haberbesiktas.tr\/index.php?rest_route=\/wp\/v2\/posts\/3980","targetHints":{"allow":["GET"]}}],"collection":[{"href":"https:\/\/haberbesiktas.tr\/index.php?rest_route=\/wp\/v2\/posts"}],"about":[{"href":"https:\/\/haberbesiktas.tr\/index.php?rest_route=\/wp\/v2\/types\/post"}],"author":[{"embeddable":true,"href":"https:\/\/haberbesiktas.tr\/index.php?rest_route=\/wp\/v2\/users\/1"}],"replies":[{"embeddable":true,"href":"https:\/\/haberbesiktas.tr\/index.php?rest_route=%2Fwp%2Fv2%2Fcomments&post=3980"}],"version-history":[{"count":1,"href":"https:\/\/haberbesiktas.tr\/index.php?rest_route=\/wp\/v2\/posts\/3980\/revisions"}],"predecessor-version":[{"id":3982,"href":"https:\/\/haberbesiktas.tr\/index.php?rest_route=\/wp\/v2\/posts\/3980\/revisions\/3982"}],"wp:featuredmedia":[{"embeddable":true,"href":"https:\/\/haberbesiktas.tr\/index.php?rest_route=\/wp\/v2\/media\/3981"}],"wp:attachment":[{"href":"https:\/\/haberbesiktas.tr\/index.php?rest_route=%2Fwp%2Fv2%2Fmedia&parent=3980"}],"wp:term":[{"taxonomy":"category","embeddable":true,"href":"https:\/\/haberbesiktas.tr\/index.php?rest_route=%2Fwp%2Fv2%2Fcategories&post=3980"},{"taxonomy":"post_tag","embeddable":true,"href":"https:\/\/haberbesiktas.tr\/index.php?rest_route=%2Fwp%2Fv2%2Ftags&post=3980"}],"curies":[{"name":"wp","href":"https:\/\/api.w.org\/{rel}","templated":true}]}}