{"id":39803,"date":"2025-06-20T18:12:05","date_gmt":"2025-06-20T18:12:05","guid":{"rendered":"https:\/\/haberbesiktas.tr\/?p=39803"},"modified":"2025-06-20T18:12:05","modified_gmt":"2025-06-20T18:12:05","slug":"ole-gunnar-solskjaerden-sakatlik-aciklamasi-2","status":"publish","type":"post","link":"https:\/\/haberbesiktas.tr\/?p=39803","title":{"rendered":"Ole Gunnar Solskjaer&#8217;den sakatl\u0131k a\u00e7\u0131klamas\u0131!"},"content":{"rendered":"<div>Trendyol Harika Lig&#8217;in 30. haftas\u0131nda Be\u015fikta\u015f, deplasmanda Kas\u0131mpa\u015fa ile kar\u015f\u0131 kar\u015f\u0131ya gelecek.\u00a0<\/p>\n<p>Siyah-Beyazl\u0131lar&#8217;\u0131n teknik y\u00f6neticisi Ole Gunnar Solskjaer, \u00e7aba \u00f6ncesinde a\u00e7\u0131klamalarda bulundu.\u00a0<\/p>\n<p><strong>&#8220;HER PUAN \u0130\u00c7\u0130N SAVA\u015eACA\u011eIZ&#8221;<\/strong><\/p>\n<p>Kar\u015f\u0131la\u015fma \u00f6ncesinde a\u00e7\u0131klamalarda bulunan Solkskajer, <strong> &#8220;\u00d6ncelikle gayemiz mutlaka \u00fc\u00e7\u00fcnc\u00fc olmak. Her puan i\u00e7in sava\u015faca\u011f\u0131z lig sonuna kadar. Bu ma\u00e7ta da \u00e2l\u00e2 bir oyunla puanlar almak istiyoruz. \u00dc\u00e7\u00fcnc\u00fcl\u00fck i\u00e7in en uygununu yapaca\u011f\u0131m\u0131z\u0131 umuyorum.&#8221;<\/strong><span>\u00a0dedi.\u00a0<\/p>\n<p><strong>&#8220;RASHICA&#8217;NIN UFAK B\u0130R RAHATSIZLI\u011eI VARDI&#8221;<\/strong><\/p>\n<p>Sistem de\u011fi\u015fikli\u011fi ile ilgili konu\u015fan Norve\u00e7li hoca, <strong>&#8220;T<\/strong><span><strong>ak\u0131mla ilgili konu\u015facak olursam, Milot Rashica&#8217;n\u0131n ufak bir rahats\u0131zl\u0131\u011f\u0131 vard\u0131. Onu yedekte b\u0131rakmay\u0131 tercih ettik. Ciro, 9 numaram\u0131z ve yeterli oynuyor. G\u00f6ztepe ma\u00e7\u0131nda da sistem d\u00fczg\u00fcn i\u015fledi k\u0131rm\u0131z\u0131 karta kadar. Bug\u00fcn Ciro oynayacak ve \u00e7ok fazla f\u0131rsat yaratmas\u0131n\u0131 bekliyorum.&#8221;<\/strong> tabirlerini kulland\u0131.<\/p>\n<p><strong>&#8220;BU MA\u00c7I C\u0130DD\u0130YE ALIYORUZ&#8221;<\/strong><\/p>\n<p><span>Rakibi Kas\u0131mpa\u015fa ile hakk\u0131nda da konu\u015fan tecr\u00fcbeli \u00e7al\u0131\u015ft\u0131r\u0131c\u0131, <strong>&#8220;Bence bug\u00fcn b\u00fcy\u00fck bir ma\u00e7 olacak. Kas\u0131mpa\u015fa&#8217;ya son 3 ma\u00e7t\u0131r kaybediyoruz. Bug\u00fcn herkes bu ma\u00e7\u0131n ne kadar b\u00fcy\u00fck oldu\u011funun fark\u0131nda. Her g\u00fcn \u00e7al\u0131\u015f\u0131yoruz. Kas\u0131mpa\u015fa&#8217;n\u0131n \u00e7ok yeterli oyuncular\u0131 var. Ekip olarak ma\u00e7\u0131n ne kadar de\u011ferli oldu\u011funu biliyoruz ve bu ma\u00e7\u0131 ciddiye al\u0131yoruz.&#8221;<\/strong> kelamlar\u0131n\u0131 sarf etti.<\/span><\/span><\/p>\n<p><\/span><\/div>\n","protected":false},"excerpt":{"rendered":"<p>Be\u015fikta\u015f Teknik Y\u00f6neticisi Ole Gunnar Solskjaer, deplasmanda oynayacaklar\u0131 Kas\u0131mpa\u015fa ma\u00e7\u0131 \u00f6ncesinde a\u00e7\u0131klamalarda bulundu.<\/p>\n","protected":false},"author":1,"featured_media":39804,"comment_status":"open","ping_status":"open","sticky":false,"template":"","format":"standard","meta":{"footnotes":""},"categories":[10],"tags":[],"class_list":["post-39803","post","type-post","status-publish","format-standard","has-post-thumbnail","hentry","category-basketbol"],"_links":{"self":[{"href":"https:\/\/haberbesiktas.tr\/index.php?rest_route=\/wp\/v2\/posts\/39803","targetHints":{"allow":["GET"]}}],"collection":[{"href":"https:\/\/haberbesiktas.tr\/index.php?rest_route=\/wp\/v2\/posts"}],"about":[{"href":"https:\/\/haberbesiktas.tr\/index.php?rest_route=\/wp\/v2\/types\/post"}],"author":[{"embeddable":true,"href":"https:\/\/haberbesiktas.tr\/index.php?rest_route=\/wp\/v2\/users\/1"}],"replies":[{"embeddable":true,"href":"https:\/\/haberbesiktas.tr\/index.php?rest_route=%2Fwp%2Fv2%2Fcomments&post=39803"}],"version-history":[{"count":1,"href":"https:\/\/haberbesiktas.tr\/index.php?rest_route=\/wp\/v2\/posts\/39803\/revisions"}],"predecessor-version":[{"id":39805,"href":"https:\/\/haberbesiktas.tr\/index.php?rest_route=\/wp\/v2\/posts\/39803\/revisions\/39805"}],"wp:featuredmedia":[{"embeddable":true,"href":"https:\/\/haberbesiktas.tr\/index.php?rest_route=\/wp\/v2\/media\/39804"}],"wp:attachment":[{"href":"https:\/\/haberbesiktas.tr\/index.php?rest_route=%2Fwp%2Fv2%2Fmedia&parent=39803"}],"wp:term":[{"taxonomy":"category","embeddable":true,"href":"https:\/\/haberbesiktas.tr\/index.php?rest_route=%2Fwp%2Fv2%2Fcategories&post=39803"},{"taxonomy":"post_tag","embeddable":true,"href":"https:\/\/haberbesiktas.tr\/index.php?rest_route=%2Fwp%2Fv2%2Ftags&post=39803"}],"curies":[{"name":"wp","href":"https:\/\/api.w.org\/{rel}","templated":true}]}}