{"id":40006,"date":"2025-06-21T06:48:06","date_gmt":"2025-06-21T06:48:06","guid":{"rendered":"https:\/\/haberbesiktas.tr\/?p=40006"},"modified":"2025-06-21T06:48:06","modified_gmt":"2025-06-21T06:48:06","slug":"green-carmelo-ve-dwight-hof-olmayi-sonuna-kadar-hak-etti","status":"publish","type":"post","link":"https:\/\/haberbesiktas.tr\/?p=40006","title":{"rendered":"Green: &#8220;Carmelo ve Dwight, HoF olmay\u0131 sonuna kadar hak etti&#8221;"},"content":{"rendered":"<div>Golden State Warriors y\u0131ld\u0131z\u0131 Draymond Green, Hall of Fame&#8217;e se\u00e7ilen Carmelo Anthony ve Dwight Howard&#8217;a \u00f6vg\u00fc dolu s\u00f6zlerle dayanak verdi.<\/p>\n<p> The Draymond Green Show program\u0131nda konu\u015fan Green, Anthony&#8217;nin bilhassa Team USA&#8217;daki liderli\u011fine vurgu yapt\u0131: <strong>&#8220;Melo, o kadronun birincil skor opsiyonuydu. Bu d\u00fcnyan\u0131n en g\u00fczel kadrosu ve onun sesi t\u00fcm grubu bir ortaya getirirdi.&#8221;<\/strong><\/p>\n<p> Green, 2016 Rio Olimpiyatlar\u0131&#8217;nda ya\u015fanan bir olayda, Carmelo&#8217;nun ekip i\u00e7indeki tansiyonu bitiren kelamlar\u0131yla nas\u0131l liderlik yapt\u0131\u011f\u0131n\u0131 anlatt\u0131. <strong>&#8220;Melo o g\u00fcn konu\u015ftu\u011funda herkes sustu. &#8216;Hepimiz yeti\u015fkin insanlar\u0131z. Bunu uzatmaya gerek yok,&#8217; dedi ve bahis kapand\u0131,&#8221;<\/strong> diyerek Anthony&#8217;nin tesirini hat\u0131rlatt\u0131.<\/p>\n<p> Dwight Howard i\u00e7inse Green, mesle\u011finin son y\u0131llar\u0131nda haks\u0131z tenkitlerle an\u0131ld\u0131\u011f\u0131n\u0131 s\u00f6yledi: <strong>&#8220;\u0130nsanlar Dwight&#8217;\u0131n ne kadar b\u00fcy\u00fck bir oyuncu oldu\u011funu unuttu. Onun ismine sevin\u00e7liyim, zira bunu ziyadesiyle hak ediyor.&#8221;<\/strong><\/p>\n<p> Howard, \u00fc\u00e7 defa Y\u0131l\u0131n Savunmac\u0131s\u0131 se\u00e7ilmi\u015f, sekiz sefer All-Star olmu\u015f ve 2009&#8217;da Orlando Magic&#8217;i NBA Finali&#8217;ne ta\u015f\u0131m\u0131\u015ft\u0131. Ayr\u0131yeten 2020 y\u0131l\u0131nda Los Angeles Lakers ile \u015fampiyonluk da ya\u015fam\u0131\u015ft\u0131.<\/p>\n<p> Green, her iki ismin de basketbol tarihine ge\u00e7en fig\u00fcrler oldu\u011funu belirterek, Hall of Fame onurunun yerinde bir karar oldu\u011funu tabir etti.<\/p>\n<\/div>\n","protected":false},"excerpt":{"rendered":"<p>Golden State Warriors y\u0131ld\u0131z\u0131 Draymond Green, Hall of Fame&#8217;e se\u00e7ilen Carmelo Anthony ve Dwight Howard&#8217;a \u00f6vg\u00fc dolu s\u00f6zlerle dayanak verdi.<\/p>\n","protected":false},"author":1,"featured_media":40007,"comment_status":"open","ping_status":"open","sticky":false,"template":"","format":"standard","meta":{"footnotes":""},"categories":[10],"tags":[734],"class_list":["post-40006","post","type-post","status-publish","format-standard","has-post-thumbnail","hentry","category-basketbol","tag-green"],"_links":{"self":[{"href":"https:\/\/haberbesiktas.tr\/index.php?rest_route=\/wp\/v2\/posts\/40006","targetHints":{"allow":["GET"]}}],"collection":[{"href":"https:\/\/haberbesiktas.tr\/index.php?rest_route=\/wp\/v2\/posts"}],"about":[{"href":"https:\/\/haberbesiktas.tr\/index.php?rest_route=\/wp\/v2\/types\/post"}],"author":[{"embeddable":true,"href":"https:\/\/haberbesiktas.tr\/index.php?rest_route=\/wp\/v2\/users\/1"}],"replies":[{"embeddable":true,"href":"https:\/\/haberbesiktas.tr\/index.php?rest_route=%2Fwp%2Fv2%2Fcomments&post=40006"}],"version-history":[{"count":1,"href":"https:\/\/haberbesiktas.tr\/index.php?rest_route=\/wp\/v2\/posts\/40006\/revisions"}],"predecessor-version":[{"id":40008,"href":"https:\/\/haberbesiktas.tr\/index.php?rest_route=\/wp\/v2\/posts\/40006\/revisions\/40008"}],"wp:featuredmedia":[{"embeddable":true,"href":"https:\/\/haberbesiktas.tr\/index.php?rest_route=\/wp\/v2\/media\/40007"}],"wp:attachment":[{"href":"https:\/\/haberbesiktas.tr\/index.php?rest_route=%2Fwp%2Fv2%2Fmedia&parent=40006"}],"wp:term":[{"taxonomy":"category","embeddable":true,"href":"https:\/\/haberbesiktas.tr\/index.php?rest_route=%2Fwp%2Fv2%2Fcategories&post=40006"},{"taxonomy":"post_tag","embeddable":true,"href":"https:\/\/haberbesiktas.tr\/index.php?rest_route=%2Fwp%2Fv2%2Ftags&post=40006"}],"curies":[{"name":"wp","href":"https:\/\/api.w.org\/{rel}","templated":true}]}}