{"id":40015,"date":"2025-06-21T07:24:11","date_gmt":"2025-06-21T07:24:11","guid":{"rendered":"https:\/\/haberbesiktas.tr\/?p=40015"},"modified":"2025-06-21T07:24:11","modified_gmt":"2025-06-21T07:24:11","slug":"yusuf-dikec-olimpiyata-tam-kadro-gidecegiz","status":"publish","type":"post","link":"https:\/\/haberbesiktas.tr\/?p=40015","title":{"rendered":"Yusuf Dike\u00e7: &#8220;Olimpiyata tam kadro gidece\u011fiz&#8221;"},"content":{"rendered":"<p>Mersin&#8217;de ismini ta\u015f\u0131yan tesiste d\u00fczenlenen Haval\u0131 Silahlar T\u00fcrkiye \u015eampiyonas\u0131&#8217;na kat\u0131lan ulusal atlet Yusuf Dike\u00e7, sponsorlar\u0131n ikramlar\u0131n\u0131 gen\u00e7 atletlere takdim etti.<\/p>\n<p> Faziletli il\u00e7esindeki Yusuf Dike\u00e7-\u015eevval \u0130layda Tarhan Olimpik At\u0131c\u0131l\u0131k Kompleksi&#8217;nde devam eden \u015fampiyonada yer alan Yusuf Dike\u00e7 ile T\u00fcrkiye At\u0131c\u0131l\u0131k Federasyonu Y\u00f6netim Kurulu \u00dcyesi Hakan Gen\u00e7, atletlerle bir ortaya geldi.<\/p>\n<p> Dike\u00e7 ile Gen\u00e7, Petrol Ofisi ve Nacar Saat taraf\u0131ndan al\u0131nan ikramlar\u0131 Dike\u00e7 Olimpik At\u0131c\u0131l\u0131k Spor Kul\u00fcb\u00fc atletlerine verdi.<\/p>\n<p> Programda konu\u015fan Yusuf Dike\u00e7, amat\u00f6r atletleri destekleyen sponsorlara te\u015fekk\u00fcr etti.<\/p>\n<p> Gen\u00e7lere y\u00f6nelik katk\u0131lar\u0131n art\u0131r\u0131lmas\u0131ndan yana olduklar\u0131n\u0131 lisana getiren Dike\u00e7, <strong>&#8220;Erdemli&#8217;deki tesiste idman yapan, aral\u0131ks\u0131z gayret veren at\u0131c\u0131l\u0131k sporuna sevdal\u0131 gen\u00e7lerimiz ortas\u0131ndan Los Angeles Olimpiyat Oyunlar\u0131&#8217;na kadar bir\u00e7ok \u015fampiyon sportmen \u00e7\u0131kacak. Bu \u00fclkede kazanan be\u015ferler ve kurumlar, \u00fclkenin gen\u00e7lerine yat\u0131r\u0131m yap\u0131yor. Bu da bizleri memnun ediyor.&#8221;<\/strong> dedi.<\/p>\n<p> <strong>&#8220;Los Angeles Olimpiyat Oyunlar\u0131&#8217;na tam tak\u0131m gidece\u011fiz&#8221;<\/strong><\/p>\n<p> Dike\u00e7, T\u00fcrkiye&#8217;nin at\u0131c\u0131l\u0131k bran\u015f\u0131ndaki arg\u00fcman\u0131na vurgu yaparak, \u015f\u00f6yle konu\u015ftu:<\/p>\n<p> <strong>&#8220;\u0130nan\u0131yorum ki 2028&#8217;deki Los Angeles Olimpiyat Oyunlar\u0131&#8217;na tam tak\u0131m gidece\u011fiz ve muvaffakiyetler elde ederek \u00fclkemize madalyalarla d\u00f6nece\u011fiz. \u0130nsanlara bilhassa de gen\u00e7lere yap\u0131lan yat\u0131r\u0131mlar\u0131n bo\u015fa \u00e7\u0131kmayaca\u011f\u0131na inan\u0131yorum. Sonu\u00e7 ortada. Atletlerimizden 15&#8217;i T\u00fcrkiye Olimpiyat Haz\u0131rl\u0131k Merkezine girdi. Bunlardan 5&#8217;i ulusal atlet oldu. 2028&#8217;e kadar bu say\u0131n\u0131n artaca\u011f\u0131na inan\u0131yorum.&#8221;<\/strong><\/p>\n<p> Hakan Gen\u00e7 de Paris 2024 Olimpiyat Oyunlar\u0131&#8217;nda g\u00fcm\u00fc\u015f madalya kazanan Dike\u00e7 ve \u015eevval \u0130layda Tarhan&#8217;\u0131n ba\u015far\u0131s\u0131 sayesinde at\u0131c\u0131l\u0131k sporunun ivme kazand\u0131\u011f\u0131n\u0131 anlatt\u0131.<\/p>\n","protected":false},"excerpt":{"rendered":"<p>Ulusal at\u0131c\u0131 Yusuf Dike\u00e7, gen\u00e7 atletlere arma\u011fanlar da\u011f\u0131tt\u0131.<\/p>\n","protected":false},"author":1,"featured_media":40016,"comment_status":"open","ping_status":"open","sticky":false,"template":"","format":"standard","meta":{"footnotes":""},"categories":[27],"tags":[930,726,334,465,782],"class_list":["post-40015","post","type-post","status-publish","format-standard","has-post-thumbnail","hentry","category-guncel-haberler","tag-aticilik","tag-dikec","tag-genc","tag-olimpiyat","tag-sporcu"],"_links":{"self":[{"href":"https:\/\/haberbesiktas.tr\/index.php?rest_route=\/wp\/v2\/posts\/40015","targetHints":{"allow":["GET"]}}],"collection":[{"href":"https:\/\/haberbesiktas.tr\/index.php?rest_route=\/wp\/v2\/posts"}],"about":[{"href":"https:\/\/haberbesiktas.tr\/index.php?rest_route=\/wp\/v2\/types\/post"}],"author":[{"embeddable":true,"href":"https:\/\/haberbesiktas.tr\/index.php?rest_route=\/wp\/v2\/users\/1"}],"replies":[{"embeddable":true,"href":"https:\/\/haberbesiktas.tr\/index.php?rest_route=%2Fwp%2Fv2%2Fcomments&post=40015"}],"version-history":[{"count":1,"href":"https:\/\/haberbesiktas.tr\/index.php?rest_route=\/wp\/v2\/posts\/40015\/revisions"}],"predecessor-version":[{"id":40017,"href":"https:\/\/haberbesiktas.tr\/index.php?rest_route=\/wp\/v2\/posts\/40015\/revisions\/40017"}],"wp:featuredmedia":[{"embeddable":true,"href":"https:\/\/haberbesiktas.tr\/index.php?rest_route=\/wp\/v2\/media\/40016"}],"wp:attachment":[{"href":"https:\/\/haberbesiktas.tr\/index.php?rest_route=%2Fwp%2Fv2%2Fmedia&parent=40015"}],"wp:term":[{"taxonomy":"category","embeddable":true,"href":"https:\/\/haberbesiktas.tr\/index.php?rest_route=%2Fwp%2Fv2%2Fcategories&post=40015"},{"taxonomy":"post_tag","embeddable":true,"href":"https:\/\/haberbesiktas.tr\/index.php?rest_route=%2Fwp%2Fv2%2Ftags&post=40015"}],"curies":[{"name":"wp","href":"https:\/\/api.w.org\/{rel}","templated":true}]}}