{"id":40227,"date":"2025-06-21T21:24:08","date_gmt":"2025-06-21T21:24:08","guid":{"rendered":"https:\/\/haberbesiktas.tr\/?p=40227"},"modified":"2025-06-21T21:24:08","modified_gmt":"2025-06-21T21:24:08","slug":"inter-bayern-munihi-deplasmanda-devirdi","status":"publish","type":"post","link":"https:\/\/haberbesiktas.tr\/?p=40227","title":{"rendered":"Inter, Bayern M\u00fcnih&#8217;i deplasmanda devirdi!"},"content":{"rendered":"<div>UEFA \u015eampiyonlar Ligi \u00e7eyrek final birinci ma\u00e7\u0131nda Bayern M\u00fcnih ile Inter kar\u015f\u0131 kar\u015f\u0131ya geldi. Allianz Arena&#8217;daki ma\u00e7\u0131 Inter, 2-1&#8217;lik skorla kazand\u0131.<\/p>\n<p> Bayern M\u00fcnih, i\u00e7 alanda oynaman\u0131n da verdi\u011fi avantajla m\u00fcsabakaya daha bask\u0131l\u0131 ba\u015flayan taraf oldu. Alman tak\u0131m\u0131, Michael Olise ve Harry Kane ile buldu\u011fu f\u0131rsatlar\u0131 de\u011ferlendiremedi.<\/p>\n<p> Inter, 38. dakikada \u00f6ne ge\u00e7ti. Bu dakikada Marcus Thuram&#8217;\u0131n pas\u0131yla ceza alan\u0131nda topla bulu\u015fan Lautaro Martinez, yapt\u0131\u011f\u0131 \u015f\u0131k vuru\u015fla kadrosunu \u00f6ne ge\u00e7irdi.<\/p>\n<p> Inter, Martinez&#8217;in att\u0131\u011f\u0131 golle Bayern M\u00fcnih kar\u015f\u0131s\u0131nda birinci yar\u0131y\u0131 1-0 \u00f6nde tamamlad\u0131.<\/p>\n<p> M\u00fcsabakan\u0131n ikinci yar\u0131s\u0131nda Bayern M\u00fcnih, beraberlik i\u00e7in rakip kaleye y\u00fcklendi. Alman tak\u0131m\u0131, arad\u0131\u011f\u0131 gol\u00fc 85. dakikada Thomas M\u00fcller ile buldu ve ma\u00e7 1-1&#8217;e geldi.<\/p>\n<p> Inter, 88. dakikada Davide Frattesi ile bir sefer daha gol\u00fc buldu ve 2-1 \u00f6ne ge\u00e7erek ma\u00e7\u0131 da bu skorla kazand\u0131.<\/p>\n<p> Inter&#8217;de ulusal futbolcu Hakan \u00c7alhano\u011flu, gayrette 90 dakika alanda kald\u0131.<\/p>\n<p> Inter, bu galibiyetle r\u00f6van\u015f ma\u00e7\u0131 \u00f6ncesi avantaj\u0131 cebine koydu.<\/p>\n<p> \u0130ki ekip ortas\u0131ndaki r\u00f6van\u015f m\u00fcsabakas\u0131 16 Nisan \u00c7ar\u015famba g\u00fcn\u00fc \u0130talya&#8217;da oynanacak.<\/p>\n<\/div>\n","protected":false},"excerpt":{"rendered":"<p>UEFA \u015eampiyonlar Ligi&#8217;nde Inter, Bayern M\u00fcnih&#8217;i deplasmanda 2-1 ma\u011flup etti.<\/p>\n","protected":false},"author":1,"featured_media":40228,"comment_status":"open","ping_status":"open","sticky":false,"template":"","format":"standard","meta":{"footnotes":""},"categories":[25],"tags":[109,622,50],"class_list":["post-40227","post","type-post","status-publish","format-standard","has-post-thumbnail","hentry","category-futbol","tag-dakika","tag-inter","tag-mac"],"_links":{"self":[{"href":"https:\/\/haberbesiktas.tr\/index.php?rest_route=\/wp\/v2\/posts\/40227","targetHints":{"allow":["GET"]}}],"collection":[{"href":"https:\/\/haberbesiktas.tr\/index.php?rest_route=\/wp\/v2\/posts"}],"about":[{"href":"https:\/\/haberbesiktas.tr\/index.php?rest_route=\/wp\/v2\/types\/post"}],"author":[{"embeddable":true,"href":"https:\/\/haberbesiktas.tr\/index.php?rest_route=\/wp\/v2\/users\/1"}],"replies":[{"embeddable":true,"href":"https:\/\/haberbesiktas.tr\/index.php?rest_route=%2Fwp%2Fv2%2Fcomments&post=40227"}],"version-history":[{"count":1,"href":"https:\/\/haberbesiktas.tr\/index.php?rest_route=\/wp\/v2\/posts\/40227\/revisions"}],"predecessor-version":[{"id":40229,"href":"https:\/\/haberbesiktas.tr\/index.php?rest_route=\/wp\/v2\/posts\/40227\/revisions\/40229"}],"wp:featuredmedia":[{"embeddable":true,"href":"https:\/\/haberbesiktas.tr\/index.php?rest_route=\/wp\/v2\/media\/40228"}],"wp:attachment":[{"href":"https:\/\/haberbesiktas.tr\/index.php?rest_route=%2Fwp%2Fv2%2Fmedia&parent=40227"}],"wp:term":[{"taxonomy":"category","embeddable":true,"href":"https:\/\/haberbesiktas.tr\/index.php?rest_route=%2Fwp%2Fv2%2Fcategories&post=40227"},{"taxonomy":"post_tag","embeddable":true,"href":"https:\/\/haberbesiktas.tr\/index.php?rest_route=%2Fwp%2Fv2%2Ftags&post=40227"}],"curies":[{"name":"wp","href":"https:\/\/api.w.org\/{rel}","templated":true}]}}