{"id":40333,"date":"2025-06-22T04:00:06","date_gmt":"2025-06-22T04:00:06","guid":{"rendered":"https:\/\/haberbesiktas.tr\/?p=40333"},"modified":"2025-06-22T04:00:06","modified_gmt":"2025-06-22T04:00:06","slug":"serdal-adalidan-flas-hamle-destek-isteyecek","status":"publish","type":"post","link":"https:\/\/haberbesiktas.tr\/?p=40333","title":{"rendered":"Serdal Adal\u0131&#8217;dan fla\u015f hamle: Destek isteyecek!"},"content":{"rendered":"<p>Be\u015fikta\u015f Ba\u015fkan\u0131 Serdal Adal\u0131 fla\u015f bir at\u0131l\u0131m yapmaya haz\u0131rlan\u0131yor. <\/p>\n<p>\u00d6zellikle Galatasaray derbisi i\u00e7in istenen yabanc\u0131 hakeme kar\u015f\u0131n ma\u00e7\u0131 Yasin Kol&#8217;un y\u00f6netmesi sonras\u0131 mevcut TFF&#8217;ye olan itimad\u0131n kaybeden Adal\u0131&#8217;n\u0131n \u00f6nc\u00fcl\u00fck etti\u011fi bir grubun \u0130brahim Hac\u0131osmano\u011flu ba\u015fkanl\u0131\u011f\u0131ndaki TFF idaresinden memnun olmayan Galatasaray Ba\u015fkan\u0131 Dursun \u00d6zbek, Trabzonspor Lideri Ertu\u011frul Do\u011fan ve \u00f6b\u00fcr kul\u00fcp liderleri ile \u00f6n\u00fcm\u00fczdeki g\u00fcnlerde bir ortaya gelip bir g\u00f6r\u00fc\u015fme ger\u00e7ekle\u015ftirece\u011fi \u00f6\u011frenildi.<\/p>\n<p> <strong>DESTEK \u0130STEYECEK<\/strong><\/p>\n<p>Adal\u0131&#8217;n\u0131n yap\u0131lacak olan g\u00f6r\u00fc\u015fmede yeni d\u00f6nemde mevcut TFF idaresinin tamam\u0131n\u0131 de\u011fi\u015ftirmeyi teklif edece\u011fi bunun i\u00e7in de t\u00fcm liderlerden dayanak isteyece\u011fi tabir ediliyor. <\/p>\n<p>Adal\u0131&#8217;n\u0131n, Hac\u0131osmano\u011flu idaresinin yeni d\u00f6nemde devam etmemesi i\u00e7in yap\u0131lacak stratejileri liderlerle payla\u015faca\u011f\u0131 da gelen haberler ortas\u0131nda.\u00a0<\/p>\n","protected":false},"excerpt":{"rendered":"<p>Serdal Adal\u0131, TFF idaresinden \u015fad olmayan Dursun \u00d6zbek, Ertu\u011frul Do\u011fan ve \u00f6b\u00fcr kul\u00fcp liderleri ile ilerleyen g\u00fcnlerde bir ortaya gelip idarenin devam etmemesi i\u00e7in dayanak isteyecek.<\/p>\n","protected":false},"author":1,"featured_media":40334,"comment_status":"open","ping_status":"open","sticky":false,"template":"","format":"standard","meta":{"footnotes":""},"categories":[25],"tags":[],"class_list":["post-40333","post","type-post","status-publish","format-standard","has-post-thumbnail","hentry","category-futbol"],"_links":{"self":[{"href":"https:\/\/haberbesiktas.tr\/index.php?rest_route=\/wp\/v2\/posts\/40333","targetHints":{"allow":["GET"]}}],"collection":[{"href":"https:\/\/haberbesiktas.tr\/index.php?rest_route=\/wp\/v2\/posts"}],"about":[{"href":"https:\/\/haberbesiktas.tr\/index.php?rest_route=\/wp\/v2\/types\/post"}],"author":[{"embeddable":true,"href":"https:\/\/haberbesiktas.tr\/index.php?rest_route=\/wp\/v2\/users\/1"}],"replies":[{"embeddable":true,"href":"https:\/\/haberbesiktas.tr\/index.php?rest_route=%2Fwp%2Fv2%2Fcomments&post=40333"}],"version-history":[{"count":1,"href":"https:\/\/haberbesiktas.tr\/index.php?rest_route=\/wp\/v2\/posts\/40333\/revisions"}],"predecessor-version":[{"id":40335,"href":"https:\/\/haberbesiktas.tr\/index.php?rest_route=\/wp\/v2\/posts\/40333\/revisions\/40335"}],"wp:featuredmedia":[{"embeddable":true,"href":"https:\/\/haberbesiktas.tr\/index.php?rest_route=\/wp\/v2\/media\/40334"}],"wp:attachment":[{"href":"https:\/\/haberbesiktas.tr\/index.php?rest_route=%2Fwp%2Fv2%2Fmedia&parent=40333"}],"wp:term":[{"taxonomy":"category","embeddable":true,"href":"https:\/\/haberbesiktas.tr\/index.php?rest_route=%2Fwp%2Fv2%2Fcategories&post=40333"},{"taxonomy":"post_tag","embeddable":true,"href":"https:\/\/haberbesiktas.tr\/index.php?rest_route=%2Fwp%2Fv2%2Ftags&post=40333"}],"curies":[{"name":"wp","href":"https:\/\/api.w.org\/{rel}","templated":true}]}}