{"id":40336,"date":"2025-06-22T04:12:05","date_gmt":"2025-06-22T04:12:05","guid":{"rendered":"https:\/\/haberbesiktas.tr\/?p=40336"},"modified":"2025-06-22T04:12:05","modified_gmt":"2025-06-22T04:12:05","slug":"getafe-alvaro-moratayi-transfer-etmek-istiyor","status":"publish","type":"post","link":"https:\/\/haberbesiktas.tr\/?p=40336","title":{"rendered":"Getafe, Alvaro Morata&#8217;y\u0131 transfer etmek istiyor!"},"content":{"rendered":"<div>Galatasaray&#8217;\u0131n Milan&#8217;dan kiralad\u0131\u011f\u0131 Alvaro Morata&#8217;y\u0131 transfer etmek i\u00e7in La Liga kul\u00fcplerinden Getafe devreye girdi.<\/p>\n<p> Sar\u0131-k\u0131rm\u0131z\u0131l\u0131lar\u0131n 6 milyon euro \u00f6deyerek 20 Ocak 2026&#8217;ya kadar kiralad\u0131\u011f\u0131 32 ya\u015f\u0131ndaki \u0130spanyol y\u0131ld\u0131za, futbola ba\u015flad\u0131\u011f\u0131 Getafe talip oldu.<\/p>\n<p> \u0130spanyol bas\u0131n\u0131nda Fichajes, Getafe&#8217;nin Alvaro Morata&#8217;y\u0131 tak\u0131m\u0131na katarak, \u00f6n\u00fcm\u00fczdeki transfer periyodunda en dikkat al\u0131ml\u0131 at\u0131l\u0131mlardan birini yapmay\u0131 hedefledi\u011fini duyurdu.<\/p>\n<p> <strong>GETAFEYE NEDEN SICAK BAKIYOR?<\/strong><\/p>\n<p> Alvaro Morata&#8217;n\u0131n futbolculuk mesle\u011fine ba\u015flad\u0131\u011f\u0131 kul\u00fcbe d\u00f6nmeyi \u00f6nemli formda d\u00fc\u015f\u00fcnd\u00fc\u011f\u00fc sav edildi. \u0130spanyol y\u0131ld\u0131z\u0131n, ailesine yak\u0131n olmas\u0131, sportif devaml\u0131l\u0131k sa\u011flayabilmesi ve ligin \u00fcst s\u0131ralar\u0131n\u0131 hedefleyen bir kadroya katk\u0131 verebilecek olmas\u0131 nedeniyle Getafe&#8217;ye s\u0131cak bakt\u0131\u011f\u0131 vurguland\u0131.<\/p>\n<p> Galatasaray&#8217;da 8 ma\u00e7ta 3 gol ve 1 asistlik performans sergileyen Morata&#8217;n\u0131n ayr\u0131lmak istemesi halinde, sar\u0131-k\u0131rm\u0131z\u0131l\u0131 idarenin m\u00fcsaade verece\u011fi \u00f6ne s\u00fcr\u00fcld\u00fc.<\/p>\n<p> \u00d6te yandan Getafe y\u00f6neticilerinin, Milan ile Galatasaray ortas\u0131ndaki muahedeyi takip etti\u011fi ve Morata&#8217;n\u0131n etraf\u0131 ile de transfer konusunda ba\u011flant\u0131 kurdu\u011fu aktar\u0131ld\u0131.<\/p>\n<p> <strong>MORATA \u0130LE GALATASARAY&#8217;IN MUTABAKAT \u015eARTLARI<\/strong><\/p>\n<p> Galatasaray Kul\u00fcb\u00fc&#8217;nden ge\u00e7ti\u011fimiz Ocak ay\u0131nda KAP&#8217;a yap\u0131lan a\u00e7\u0131klama \u015f\u00f6yle olmu\u015ftu;<\/p>\n<p> &#8220;Profesyonel futbolcu Alvaro Borja Morata Martin&#8217;in 2 \u015eubat 2025 \u2013 20 Ocak 2026 tarihleri ortas\u0131ndaki s\u00fcreksiz transferi konusunda AC Milan SPA Kul\u00fcb\u00fc ile mutabakata var\u0131lm\u0131\u015ft\u0131r.<\/p>\n<p> Buna nazaran, AC Milan SPA Kul\u00fcb\u00fc&#8217;ne toplamda 6.000.000 Euro s\u00fcreksiz transfer bedeli \u00f6denecektir.<\/p>\n<p> Futbolcuya ise:<\/p>\n<p> 2024-2025 d\u00f6nemi ikinci yar\u0131s\u0131 i\u00e7in 3.000.000 Euro,<\/p>\n<p> 2025-2026 d\u00f6nemi birinci yar\u0131s\u0131 i\u00e7in 3.000.000 Euro garanti fiyat \u00f6denecektir.<\/p>\n<p> Ayr\u0131yeten, kul\u00fcb\u00fcm\u00fcz\u00fcn 15 Ocak 2026 tarihine kadar yaz\u0131l\u0131 bildirimde bulunmas\u0131 halinde, 8.000.000 Euro bedel kar\u015f\u0131l\u0131\u011f\u0131nda futbolcunun kesin transferini ger\u00e7ekle\u015ftirme opsiyonu bulunmaktad\u0131r. Bu bedel, 6 taksit halinde \u00f6denecektir.<\/p>\n<p> Kul\u00fcb\u00fcm\u00fcz\u00fcn 15 Ocak 2026 prestijiyle sat\u0131n alma opsiyonunu kullanmamas\u0131 halinde, bedelsiz olarak kiralama m\u00fchletinin 30 Haziran 2026 tarihine kadar uzatma opsiyonu bulunmaktad\u0131r.<\/p>\n<p> Kiralama m\u00fcddetinin uzat\u0131lmas\u0131 halinde futbolcuya 2025-2026 d\u00f6nemi ikinci yar\u0131s\u0131 i\u00e7in 3.000.000 Euro garanti fiyat \u00f6denecektir.<\/p>\n<p> Ayr\u0131yeten Kul\u00fcb\u00fcm\u00fcz 10 Haziran 2026 tarihine kadar yaz\u0131l\u0131 bildirimde bulunarak 9.000.000 Euro kar\u015f\u0131l\u0131\u011f\u0131nda futbolcunun kesin transferini ger\u00e7ekle\u015ftirme opsiyonuna sahip olacakt\u0131r. Bu bedel de 6 taksit halinde \u00f6denecektir.<\/p>\n<p> Sat\u0131n alma opsiyonun kullan\u0131lmas\u0131 halinde, futbolcuya a\u015fa\u011f\u0131daki garanti fiyatlar \u00f6denecektir:<\/p>\n<p> 2026-2027 d\u00f6nemi i\u00e7in 6.000.000 Euro,<\/p>\n<p> 2027-2028 d\u00f6nemi i\u00e7in 6.000.000 Euro.<\/p>\n<p> Kamuoyuna h\u00fcrmetle duyurulur.&#8221;<\/p>\n<\/div>\n","protected":false},"excerpt":{"rendered":"<p>Galatasaray&#8217;\u0131n Milan&#8217;dan tak\u0131m\u0131na katt\u0131\u011f\u0131 Alvaro Morata&#8217;ya Getafe talip oldu.<\/p>\n","protected":false},"author":1,"featured_media":40337,"comment_status":"open","ping_status":"open","sticky":false,"template":"","format":"standard","meta":{"footnotes":""},"categories":[25],"tags":[470,1237,485,1409,1329],"class_list":["post-40336","post","type-post","status-publish","format-standard","has-post-thumbnail","hentry","category-futbol","tag-470","tag-euro","tag-futbolcu","tag-halinde","tag-morata"],"_links":{"self":[{"href":"https:\/\/haberbesiktas.tr\/index.php?rest_route=\/wp\/v2\/posts\/40336","targetHints":{"allow":["GET"]}}],"collection":[{"href":"https:\/\/haberbesiktas.tr\/index.php?rest_route=\/wp\/v2\/posts"}],"about":[{"href":"https:\/\/haberbesiktas.tr\/index.php?rest_route=\/wp\/v2\/types\/post"}],"author":[{"embeddable":true,"href":"https:\/\/haberbesiktas.tr\/index.php?rest_route=\/wp\/v2\/users\/1"}],"replies":[{"embeddable":true,"href":"https:\/\/haberbesiktas.tr\/index.php?rest_route=%2Fwp%2Fv2%2Fcomments&post=40336"}],"version-history":[{"count":1,"href":"https:\/\/haberbesiktas.tr\/index.php?rest_route=\/wp\/v2\/posts\/40336\/revisions"}],"predecessor-version":[{"id":40338,"href":"https:\/\/haberbesiktas.tr\/index.php?rest_route=\/wp\/v2\/posts\/40336\/revisions\/40338"}],"wp:featuredmedia":[{"embeddable":true,"href":"https:\/\/haberbesiktas.tr\/index.php?rest_route=\/wp\/v2\/media\/40337"}],"wp:attachment":[{"href":"https:\/\/haberbesiktas.tr\/index.php?rest_route=%2Fwp%2Fv2%2Fmedia&parent=40336"}],"wp:term":[{"taxonomy":"category","embeddable":true,"href":"https:\/\/haberbesiktas.tr\/index.php?rest_route=%2Fwp%2Fv2%2Fcategories&post=40336"},{"taxonomy":"post_tag","embeddable":true,"href":"https:\/\/haberbesiktas.tr\/index.php?rest_route=%2Fwp%2Fv2%2Ftags&post=40336"}],"curies":[{"name":"wp","href":"https:\/\/api.w.org\/{rel}","templated":true}]}}