{"id":40339,"date":"2025-06-22T04:24:06","date_gmt":"2025-06-22T04:24:06","guid":{"rendered":"https:\/\/haberbesiktas.tr\/?p=40339"},"modified":"2025-06-22T04:24:06","modified_gmt":"2025-06-22T04:24:06","slug":"mourinhodan-en-nesyri-karari","status":"publish","type":"post","link":"https:\/\/haberbesiktas.tr\/?p=40339","title":{"rendered":"Mourinho&#8217;dan En Nesyri karar\u0131!"},"content":{"rendered":"<div>\n<p>S\u00fcper Lig&#8217;in 30&#8217;uncu haftas\u0131nda Fenerbah\u00e7e, meskeninde Trabzonspor&#8217;u tamam\u0131n\u0131 ikinci yar\u0131da buldu\u011fu gollerle 4-1 ma\u011flup etti. Bu ma\u00e7 sonras\u0131 \u00f6nder Galatasaray ile ortas\u0131ndaki puan fark\u0131n\u0131 3&#8242; d\u00fc\u015f\u00fcren sar\u0131 lacivertlilerde g\u00f6zler Sivasspor deplasman\u0131na \u00e7evrildi.\u00a0<\/p>\n<p> <strong>\u0130K\u0130NC\u0130 YARIDAK\u0130 OYUN DE\u011eERL\u0130<\/strong><\/p>\n<p> Trabzonspor ma\u00e7\u0131n\u0131n 2&#8217;nci yar\u0131s\u0131ndaki oyunu \u015fampiyonluk yolunda epeyce bedelli g\u00f6ren teknik y\u00f6netici Jose Mourinho, Talisca&#8217;n\u0131n etraf\u0131n\u0131 daha sa\u011flam ve ko\u015fu aral\u0131\u011f\u0131 y\u00fcksek isimlerle donatmay\u0131 planl\u0131yor.<\/p>\n<p> Sabah&#8217;ta yer alan habere nazaran Portekizli \u00e7al\u0131\u015ft\u0131r\u0131c\u0131, Trabzonspor ma\u00e7\u0131nda hi\u00e7 m\u00fchlet vermedi\u011fi En-Nesyri&#8217;yi tekrar birinci 11&#8217;e yazmay\u0131 d\u00fc\u015f\u00fcn\u00fcyor. Sivasspor ma\u00e7\u0131nda forma giymek i\u00e7in Fasl\u0131 golc\u00fcn\u00fcn bir ad\u0131m \u00f6nde arg\u00fcman edildi.<\/p>\n<p> <strong>44 MA\u00c7TA 26 GOL VE 6 AS\u0130ST<\/strong><\/p>\n<p> En-Nesyri bu d\u00f6nem Fenerbah\u00e7e formas\u0131yla 44 ma\u00e7a \u00e7\u0131kt\u0131. 27 ya\u015f\u0131ndaki futbolcu bu ma\u00e7larda 26 gol ve 6 asistlik skor katk\u0131s\u0131 verdi.<\/p>\n<\/div>\n","protected":false},"excerpt":{"rendered":"<p>Fenerbah\u00e7e Teknik Y\u00f6neticisi Jose Mourinho, Fasl\u0131 golc\u00fc Youssef En-Nesyri&#8217;yi Sivasspor deplasman\u0131nda birinci 11&#8217;e almay\u0131 planl\u0131yor.<\/p>\n","protected":false},"author":1,"featured_media":40340,"comment_status":"open","ping_status":"open","sticky":false,"template":"","format":"standard","meta":{"footnotes":""},"categories":[25],"tags":[50],"class_list":["post-40339","post","type-post","status-publish","format-standard","has-post-thumbnail","hentry","category-futbol","tag-mac"],"_links":{"self":[{"href":"https:\/\/haberbesiktas.tr\/index.php?rest_route=\/wp\/v2\/posts\/40339","targetHints":{"allow":["GET"]}}],"collection":[{"href":"https:\/\/haberbesiktas.tr\/index.php?rest_route=\/wp\/v2\/posts"}],"about":[{"href":"https:\/\/haberbesiktas.tr\/index.php?rest_route=\/wp\/v2\/types\/post"}],"author":[{"embeddable":true,"href":"https:\/\/haberbesiktas.tr\/index.php?rest_route=\/wp\/v2\/users\/1"}],"replies":[{"embeddable":true,"href":"https:\/\/haberbesiktas.tr\/index.php?rest_route=%2Fwp%2Fv2%2Fcomments&post=40339"}],"version-history":[{"count":1,"href":"https:\/\/haberbesiktas.tr\/index.php?rest_route=\/wp\/v2\/posts\/40339\/revisions"}],"predecessor-version":[{"id":40341,"href":"https:\/\/haberbesiktas.tr\/index.php?rest_route=\/wp\/v2\/posts\/40339\/revisions\/40341"}],"wp:featuredmedia":[{"embeddable":true,"href":"https:\/\/haberbesiktas.tr\/index.php?rest_route=\/wp\/v2\/media\/40340"}],"wp:attachment":[{"href":"https:\/\/haberbesiktas.tr\/index.php?rest_route=%2Fwp%2Fv2%2Fmedia&parent=40339"}],"wp:term":[{"taxonomy":"category","embeddable":true,"href":"https:\/\/haberbesiktas.tr\/index.php?rest_route=%2Fwp%2Fv2%2Fcategories&post=40339"},{"taxonomy":"post_tag","embeddable":true,"href":"https:\/\/haberbesiktas.tr\/index.php?rest_route=%2Fwp%2Fv2%2Ftags&post=40339"}],"curies":[{"name":"wp","href":"https:\/\/api.w.org\/{rel}","templated":true}]}}