{"id":40342,"date":"2025-06-22T04:36:07","date_gmt":"2025-06-22T04:36:07","guid":{"rendered":"https:\/\/haberbesiktas.tr\/?p=40342"},"modified":"2025-06-22T04:36:07","modified_gmt":"2025-06-22T04:36:07","slug":"galatasaraya-5-yildizla-birlikte-yildiz-yagacak","status":"publish","type":"post","link":"https:\/\/haberbesiktas.tr\/?p=40342","title":{"rendered":"Galatasaray&#8217;a 5. y\u0131ld\u0131zla birlikte &#8216;y\u0131ld\u0131z&#8217; ya\u011facak"},"content":{"rendered":"<div>Trendyol S\u00fcper Lig&#8217;de ezeli rakibi Fenerbah\u00e7e ile \u015fampiyonluk yar\u0131\u015f\u0131 veren Galatasaray&#8217;da teknik heyet ve idare \u00e7abaya odakland\u0131.<\/p>\n<p> Sar\u0131-k\u0131rm\u0131z\u0131l\u0131 kadro, kalan 8 haftada tarihi \u015fampiyonlu\u011fa ula\u015fman\u0131n pe\u015fine d\u00fc\u015ferken idare ve teknik heyet, transfer konu\u015fmay\u0131 yasaklad\u0131.<\/p>\n<p> D\u00f6nem ba\u015f\u0131nda Batshuayi, Jelert, Sara, Jakobs, Osimhen ve Sallai&#8217;yi tak\u0131m\u0131na katan, orta transfer devrinde Ahmed Kutucu, Lemina, Morata, Cuesta, Frankowski ve Eren Elmal\u0131 ata\u011f\u0131 yapan idare, \u015eampiyonlar Ligi&#8217;ne direkt i\u015ftirak vizesi gelirse bu defa elini \u00e7abuk tutacak.<\/p>\n<p><strong>KALEC\u0130 VE 10 NUMARA \u0130\u00c7\u0130N NOKTA TRANSFERLER<\/strong><\/p>\n<p> D\u00f6nem sonunda Muslera ve Mertens&#8217;e veda edecek sar\u0131-k\u0131rm\u0131z\u0131l\u0131 kadro, kaleci ve 10 numara deste\u011finde yan\u0131lg\u0131 yapmak istemiyor.<\/p>\n<p> <strong>ODAK NOKTASI 5.YIILDIZ<\/strong><\/p>\n<p> Lakin \u015fampiyonluk yar\u0131\u015f\u0131 k\u0131z\u0131\u015ft\u0131\u011f\u0131 i\u00e7in Kemerburgaz&#8217;da transfer konusunda frene bas\u0131ld\u0131. Teknik heyet ve idare, be\u015finci y\u0131ld\u0131za konsantre oldu.<\/p>\n<p> Galatasaray&#8217;da, kalede kaptan Fernando Muslera sonras\u0131 transferde d\u00f6rt futbolcunun ismi ge\u00e7iyor. Cimbom&#8217;da yerli transferde U\u011furcan ve Berke, yabanc\u0131 Alisson ve Perri \u00fczere isimler konu\u015fuluyor.<\/p>\n<p> <strong>\u0130LKAY&#8217;A YAKIN TAK\u0130P<\/strong><\/p>\n<p> \u0130ngiltere Premier Lig devi Manchester City&#8217;nin y\u0131ld\u0131z\u0131 \u0130lkay G\u00fcndo\u011fan&#8217;\u0131n durumu takip ediliyor. 1 Temmuz 2016&#8217;da Manchester City&#8217;nin B.Dortmund&#8217;dan 27 milyon Euro&#8217;ya ald\u0131\u011f\u0131 oyuncu i\u00e7in mesle\u011finde toplam 33 milyon Euro bonservis bedeli \u00f6dendi.<\/p>\n<p> <strong>L\u0130G B\u0130TENE KADAR ATILIM YOK<\/strong><\/p>\n<p> \u015eampiyonlu\u011fa \u00f6ncelik veren sar\u0131-k\u0131rm\u0131z\u0131l\u0131lar, lig bitene kadar transfer konusunda at\u0131l\u0131m yapmayacak.<\/p>\n<p><strong>SADECE OSIMHEN&#8217;\u0130N KARARI BEKLEN\u0130YOR<\/strong><\/p>\n<p> Sar\u0131-k\u0131rm\u0131z\u0131l\u0131lar, yaln\u0131zca Victor Osimhen&#8217;in karar\u0131na nazaran \u0130talyan devi Napoli ile masaya oturacak.<\/p>\n<\/div>\n","protected":false},"excerpt":{"rendered":"<p>Galatasaray&#8217;da bu d\u00f6nem 25. zaferin mutlakla\u015fmas\u0131 durumunda yaz\u0131n transferde ses getirecek at\u0131l\u0131mlar yap\u0131lacak.<\/p>\n","protected":false},"author":1,"featured_media":40343,"comment_status":"open","ping_status":"open","sticky":false,"template":"","format":"standard","meta":{"footnotes":""},"categories":[25],"tags":[51,48],"class_list":["post-40342","post","type-post","status-publish","format-standard","has-post-thumbnail","hentry","category-futbol","tag-lig","tag-transfer"],"_links":{"self":[{"href":"https:\/\/haberbesiktas.tr\/index.php?rest_route=\/wp\/v2\/posts\/40342","targetHints":{"allow":["GET"]}}],"collection":[{"href":"https:\/\/haberbesiktas.tr\/index.php?rest_route=\/wp\/v2\/posts"}],"about":[{"href":"https:\/\/haberbesiktas.tr\/index.php?rest_route=\/wp\/v2\/types\/post"}],"author":[{"embeddable":true,"href":"https:\/\/haberbesiktas.tr\/index.php?rest_route=\/wp\/v2\/users\/1"}],"replies":[{"embeddable":true,"href":"https:\/\/haberbesiktas.tr\/index.php?rest_route=%2Fwp%2Fv2%2Fcomments&post=40342"}],"version-history":[{"count":1,"href":"https:\/\/haberbesiktas.tr\/index.php?rest_route=\/wp\/v2\/posts\/40342\/revisions"}],"predecessor-version":[{"id":40344,"href":"https:\/\/haberbesiktas.tr\/index.php?rest_route=\/wp\/v2\/posts\/40342\/revisions\/40344"}],"wp:featuredmedia":[{"embeddable":true,"href":"https:\/\/haberbesiktas.tr\/index.php?rest_route=\/wp\/v2\/media\/40343"}],"wp:attachment":[{"href":"https:\/\/haberbesiktas.tr\/index.php?rest_route=%2Fwp%2Fv2%2Fmedia&parent=40342"}],"wp:term":[{"taxonomy":"category","embeddable":true,"href":"https:\/\/haberbesiktas.tr\/index.php?rest_route=%2Fwp%2Fv2%2Fcategories&post=40342"},{"taxonomy":"post_tag","embeddable":true,"href":"https:\/\/haberbesiktas.tr\/index.php?rest_route=%2Fwp%2Fv2%2Ftags&post=40342"}],"curies":[{"name":"wp","href":"https:\/\/api.w.org\/{rel}","templated":true}]}}