{"id":40348,"date":"2025-06-22T05:00:06","date_gmt":"2025-06-22T05:00:06","guid":{"rendered":"https:\/\/haberbesiktas.tr\/?p=40348"},"modified":"2025-06-22T05:00:06","modified_gmt":"2025-06-22T05:00:06","slug":"nuggetsta-deprem-koc-malone-gonderildi-gm-boothla-yollar-ayriliyor","status":"publish","type":"post","link":"https:\/\/haberbesiktas.tr\/?p=40348","title":{"rendered":"Nuggets&#8217;ta deprem!: Ko\u00e7 Malone g\u00f6nderildi, GM Booth&#8217;la yollar ayr\u0131l\u0131yor!"},"content":{"rendered":"<div>NBA&#8217;de d\u00f6nem sonuna ger\u00e7ek yakla\u015f\u0131lan devirde Denver Nuggets, radikal kararlarla g\u00fcndeme oturdu. <\/p>\n<p>Ekip, ba\u015fantren\u00f6r Michael Malone&#8217;un misyonuna son verildi\u011fini ve genel menajer Calvin Booth&#8217;un d\u00f6nem sonunda gruptan ayr\u0131laca\u011f\u0131n\u0131 resmen a\u00e7\u0131klad\u0131.<\/p>\n<p> Kadrosu d\u00f6nem sonuna kadar yard\u0131mc\u0131 antren\u00f6r David Adelman s\u00fcreksiz olarak y\u00f6netecek.<\/p>\n<p> ESPN&#8217;den Ohm Youngmisuk&#8217;un haberine nazaran, kul\u00fcp i\u00e7erisinde uzun m\u00fcddettir Malone ve Booth ortas\u0131nda bir <strong>&#8220;so\u011fuk sava\u015f&#8221;<\/strong> ya\u015fan\u0131yordu ve d\u00f6nem sonunda bu ikiliden birinin misyonuna son verilmesine kesin g\u00f6z\u00fcyle bak\u0131l\u0131yordu.<\/p>\n<p> Kroenke Sports and Entertainment&#8217;\u0131n lider yard\u0131mc\u0131s\u0131 Josh Kroenke yapt\u0131\u011f\u0131 a\u00e7\u0131klamada,<strong> &#8220;Bu karar kolay al\u0131nmad\u0131. Lakin grubumuza 2025 NBA \u015fampiyonlu\u011fu yolunda en d\u00fczg\u00fcn talihi vermek ismine bu t\u00fcrl\u00fc bir ad\u0131m att\u0131k. Maksad\u0131m\u0131z, Denver&#8217;a ve taraftarlar\u0131m\u0131za yeni bir \u015fampiyonluk kazand\u0131rmak,<\/strong>&#8221; s\u00f6zlerini kulland\u0131.<\/p>\n<p> Malone, 2015&#8217;te ba\u015flad\u0131\u011f\u0131 Denver kariyerinde kul\u00fcb\u00fc 2023 y\u0131l\u0131nda tarihindeki birinci NBA \u015fampiyonlu\u011funa ta\u015f\u0131m\u0131\u015ft\u0131. Toplamda 471 galibiyetle kul\u00fcp tarihinin en \u00e7ok ma\u00e7 kazanan ko\u00e7u olarak kay\u0131tlara ge\u00e7ti.<\/p>\n<p> Booth ise 2017&#8217;de yard\u0131mc\u0131 GM olarak kat\u0131ld\u0131\u011f\u0131 Nuggets&#8217;ta 2020&#8217;de genel menajerlik koltu\u011funa oturmu\u015ftu.<\/p>\n<p> Bat\u0131 Konferans\u0131&#8217;nda d\u00f6rd\u00fcnc\u00fc s\u0131rada yer alan Nuggets, son d\u00f6rt ma\u00e7\u0131n\u0131 kaybetti ve play-in \u00e7izgisinin sadece yar\u0131m ma\u00e7 uza\u011f\u0131nda bulunuyor. Grubun d\u00f6nem sonu program\u0131nda Grizzlies, Kings ve Rockets ma\u00e7lar\u0131 yer al\u0131yor.<\/p>\n<\/div>\n","protected":false},"excerpt":{"rendered":"<p>NBA&#8217;de d\u00f6nem sonuna hakikat yakla\u015f\u0131lan periyotta Denver Nuggets, radikal kararlarla g\u00fcndeme oturdu.<\/p>\n","protected":false},"author":1,"featured_media":40349,"comment_status":"open","ping_status":"open","sticky":false,"template":"","format":"standard","meta":{"footnotes":""},"categories":[10],"tags":[3078],"class_list":["post-40348","post","type-post","status-publish","format-standard","has-post-thumbnail","hentry","category-basketbol","tag-sezon-sonu"],"_links":{"self":[{"href":"https:\/\/haberbesiktas.tr\/index.php?rest_route=\/wp\/v2\/posts\/40348","targetHints":{"allow":["GET"]}}],"collection":[{"href":"https:\/\/haberbesiktas.tr\/index.php?rest_route=\/wp\/v2\/posts"}],"about":[{"href":"https:\/\/haberbesiktas.tr\/index.php?rest_route=\/wp\/v2\/types\/post"}],"author":[{"embeddable":true,"href":"https:\/\/haberbesiktas.tr\/index.php?rest_route=\/wp\/v2\/users\/1"}],"replies":[{"embeddable":true,"href":"https:\/\/haberbesiktas.tr\/index.php?rest_route=%2Fwp%2Fv2%2Fcomments&post=40348"}],"version-history":[{"count":1,"href":"https:\/\/haberbesiktas.tr\/index.php?rest_route=\/wp\/v2\/posts\/40348\/revisions"}],"predecessor-version":[{"id":40350,"href":"https:\/\/haberbesiktas.tr\/index.php?rest_route=\/wp\/v2\/posts\/40348\/revisions\/40350"}],"wp:featuredmedia":[{"embeddable":true,"href":"https:\/\/haberbesiktas.tr\/index.php?rest_route=\/wp\/v2\/media\/40349"}],"wp:attachment":[{"href":"https:\/\/haberbesiktas.tr\/index.php?rest_route=%2Fwp%2Fv2%2Fmedia&parent=40348"}],"wp:term":[{"taxonomy":"category","embeddable":true,"href":"https:\/\/haberbesiktas.tr\/index.php?rest_route=%2Fwp%2Fv2%2Fcategories&post=40348"},{"taxonomy":"post_tag","embeddable":true,"href":"https:\/\/haberbesiktas.tr\/index.php?rest_route=%2Fwp%2Fv2%2Ftags&post=40348"}],"curies":[{"name":"wp","href":"https:\/\/api.w.org\/{rel}","templated":true}]}}