{"id":40399,"date":"2025-06-22T08:24:07","date_gmt":"2025-06-22T08:24:07","guid":{"rendered":"https:\/\/haberbesiktas.tr\/?p=40399"},"modified":"2025-06-22T08:24:07","modified_gmt":"2025-06-22T08:24:07","slug":"fenerbahce-kaptani-alperi-hedef-ust-uste-3-kupa","status":"publish","type":"post","link":"https:\/\/haberbesiktas.tr\/?p=40399","title":{"rendered":"Fenerbah\u00e7e kaptan\u0131 Alperi: &#8220;Hedef \u00fcst \u00fcste 3. kupa&#8221;"},"content":{"rendered":"<div>Fenerbah\u00e7e Opet Bayan Basketbol Kadrosu&#8217;nun kaptan\u0131 Alperi Onar, son iki d\u00f6nemdir \u015fampiyonlu\u011fa ula\u015ft\u0131klar\u0131 FIBA Avrupa Ligi&#8217;nde maksatlar\u0131n\u0131n \u00fc\u00e7\u00fcnc\u00fc kupa oldu\u011funu belirtti.<\/p>\n<p> Alperi Onar yapt\u0131\u011f\u0131 a\u00e7\u0131klamada, FIBA Avrupa Ligi 2024-2025 d\u00f6neminde son 4 kadro ortas\u0131na kald\u0131klar\u0131n\u0131 s\u00f6yledi.<\/p>\n<p> Bu sene k\u00fcme etab\u0131n\u0131 ba\u015far\u0131l\u0131 bi\u00e7imde tamamlad\u0131klar\u0131n\u0131 belirten Alperi, k\u00fcmelerinde oynad\u0131klar\u0131 12 ma\u00e7\u0131n tamam\u0131n\u0131 kazand\u0131klar\u0131n\u0131 tabir etti.<\/p>\n<p> \u00dcst \u00fcste be\u015finci, toplam 11&#8217;inci defa D\u00f6rtl\u00fc Final&#8217;e kald\u0131klar\u0131n\u0131 an\u0131msatan Alperi, &#8220;Bunun Fenerbah\u00e7e&#8217;nin bayan basketboluna verdi\u011fi pahas\u0131 ve sahip oldu\u011fu basketbol k\u00fclt\u00fcr\u00fcn\u00fc \u00e7ok ho\u015f yans\u0131tt\u0131\u011f\u0131n\u0131 d\u00fc\u015f\u00fcn\u00fcyorum. Buradan herkese \u00e7ok te\u015fekk\u00fcr ediyorum. Bug\u00fcn buralarda olduysak evvelki basketbolcular\u0131m\u0131z\u0131n sayesinde. Biz de o bayra\u011f\u0131 devrald\u0131k. \u00dcst \u00fcste iki defa Avrupa Ligi&#8217;ni kazand\u0131k ve buraya da \u00fc\u00e7\u00fcnc\u00fcs\u00fcn\u00fc kazanmaya geldik. Umuyorum ki bizim i\u00e7in \u00e7ok ho\u015f bir D\u00f6rtl\u00fc Final ge\u00e7ecek.&#8221; diye konu\u015ftu.<\/p>\n<p> <strong>&#8220;HERKES\u0130N ODA\u011eINDA KAZANMAK VAR&#8221;<\/strong><\/p>\n<p> Alperi Onar, son 6&#8217;ya giren t\u00fcm kadrolar\u0131n \u00e2l\u00e2 oldu\u011funu ve tak\u0131mlar\u0131n buraya kazanmak i\u00e7in geldi\u011fini aktard\u0131.<\/p>\n<p> Fenerbah\u00e7e&#8217;ye gelirken t\u00fcm oyuncular\u0131n kazanma bask\u0131s\u0131n\u0131n \u015fuurunda olarak geldi\u011fini vurgulayan Alperi Onar, \u015f\u00f6yle devam etti:<\/p>\n<p> &#8220;11 kere D\u00f6rtl\u00fc Final&#8217;e kalmak kolay de\u011fil. Fenerbah\u00e7e formas\u0131 giymek ba\u015fl\u0131 ba\u015f\u0131na bir bask\u0131 olu\u015fturuyor. Zira Fenerbah\u00e7e her kupaya adayd\u0131r. Bu d\u00f6nem da bunun \u015fuurunda olarak oynad\u0131k. Burada da bask\u0131 var m\u0131 evet var lakin Fenerbah\u00e7e formas\u0131 giymek asl\u0131nda biraz o bask\u0131y\u0131 kald\u0131rabilmeyi gerektiriyor. Umuyorum biz hem bu bask\u0131y\u0131 hem de bu kupay\u0131 kald\u0131raca\u011f\u0131z. Kadrodaki ortam her vakit \u00e7ok ho\u015f. Kul\u00fcb\u00fcm\u00fcz, daima \u00e2l\u00e2 oyuncular\u0131n yan\u0131na \u00e7ok karakterli oyuncular\u0131 da eklemeye \u00e7al\u0131\u015f\u0131yor. Herkesin oda\u011f\u0131nda kazanmak var. Birebir ama\u00e7 u\u011fruna \u00e7al\u0131\u015f\u0131nca her \u015fey \u00e7ok olumlu ilerliyor. \u015eu an herkes \u00e7ok heyecanl\u0131. Birinci bulu\u015ftu\u011fumuz andan beri daima bu anlar\u0131 hayal ediyorduk. Kadroda olumlu bir hava var. Umuyorum ki D\u00f6rtl\u00fc Final&#8217;in sonuna kadar da bu t\u00fcrl\u00fc devam eder.&#8221;<\/p>\n<p> <strong>&#8220;\u0130N\u015eALLAH B\u0130R KUPAYI DAHA KUTLARIZ&#8221;<\/strong><\/p>\n<p> Fenerbah\u00e7e taraftar\u0131na gittikleri deplasmanlarda verdikleri dayanak i\u00e7in te\u015fekk\u00fcr eden Alperi, \u015funlar\u0131 kaydetti:<\/p>\n<p> &#8220;Taraftarlar\u0131m\u0131z alanda in\u015fallah kazanma al\u0131\u015fkanl\u0131\u011f\u0131n\u0131 devam ettiren bir kadro g\u00f6recek. Taraftar\u0131m\u0131z t\u00fcm sene hem Avrupa Ligi hem de T\u00fcrkiye&#8217;de bizi yaln\u0131z b\u0131rakmad\u0131. Bunu her yerde s\u00f6yl\u00fcyorum, deplasmanda bir ki\u015fi de olsa kesinlikle Fenerbah\u00e7e formal\u0131 birini g\u00f6r\u00fcyorum. Bu bizi sahiden \u00e7ok m\u00fcspet etkiliyor. Taraftar\u0131m\u0131z eminim ki burada da olacak. Meskenlerinde olanlar\u0131n da kalpleri bizimle atacak. Onlara \u015fimdiden \u00e7ok te\u015fekk\u00fcr ediyorum. \u0130n\u015fallah taraftarlar\u0131m\u0131zla daima birlikte bir kupay\u0131 daha kutlar\u0131z.&#8221;<\/p>\n<p> <strong>F.BAH\u00c7E&#8217;N\u0130N \u0130K\u0130 \u015eAMP\u0130YONLU\u011eU VAR<\/strong><\/p>\n<p> \u0130spanya&#8217;n\u0131n Zaragoza kentinde 13 Nisan&#8217;a kadar s\u00fcrecek 6&#8217;l\u0131 final tertibinde u\u011fra\u015f edecek Fenerbah\u00e7e Opet, ZVVZ USK Prag (\u00c7ekya)-Beretta Famila Schio (\u0130talya) e\u015fle\u015fmesinin galibiyle yar\u0131 finalde gayret edecek.<\/p>\n<p> Tertipte \u00fcst \u00fcste 5&#8217;inci, toplam 11. kere son 4 grup ortas\u0131nda yer alan Fenerbah\u00e7e Opet, birinci \u015fampiyonlu\u011funu 2022-2023 d\u00f6neminde elde etti.<\/p>\n<p> Ge\u00e7en y\u0131l da \u015fampiyon olan Fenerbah\u00e7e Opet, son 2 d\u00f6nemde kupay\u0131 m\u00fczesine g\u00f6t\u00fcrerek de\u011ferli bir muvaffakiyete imza att\u0131<\/p>\n<p> Fenerbah\u00e7e, 2013, 2014, 2017 ve 2022&#8217;de ise ikincilikle yetinmi\u015fti.<\/p>\n<\/div>\n","protected":false},"excerpt":{"rendered":"<p>Fenerbah\u00e7e Opet Bayan Basketbol Kadrosu&#8217;nun kaptan\u0131 Alperi Onar, FIBA Kad\u0131nlar Avrupa Ligi 6&#8217;l\u0131 final \u00e7e\u015fidi \u00f6ncesi a\u00e7\u0131klama yapt\u0131.<\/p>\n","protected":false},"author":1,"featured_media":40400,"comment_status":"open","ping_status":"open","sticky":false,"template":"","format":"standard","meta":{"footnotes":""},"categories":[10],"tags":[3084,115,235,1287,52],"class_list":["post-40399","post","type-post","status-publish","format-standard","has-post-thumbnail","hentry","category-basketbol","tag-alperi","tag-fenerbahce","tag-final","tag-kazanma","tag-takim"],"_links":{"self":[{"href":"https:\/\/haberbesiktas.tr\/index.php?rest_route=\/wp\/v2\/posts\/40399","targetHints":{"allow":["GET"]}}],"collection":[{"href":"https:\/\/haberbesiktas.tr\/index.php?rest_route=\/wp\/v2\/posts"}],"about":[{"href":"https:\/\/haberbesiktas.tr\/index.php?rest_route=\/wp\/v2\/types\/post"}],"author":[{"embeddable":true,"href":"https:\/\/haberbesiktas.tr\/index.php?rest_route=\/wp\/v2\/users\/1"}],"replies":[{"embeddable":true,"href":"https:\/\/haberbesiktas.tr\/index.php?rest_route=%2Fwp%2Fv2%2Fcomments&post=40399"}],"version-history":[{"count":1,"href":"https:\/\/haberbesiktas.tr\/index.php?rest_route=\/wp\/v2\/posts\/40399\/revisions"}],"predecessor-version":[{"id":40401,"href":"https:\/\/haberbesiktas.tr\/index.php?rest_route=\/wp\/v2\/posts\/40399\/revisions\/40401"}],"wp:featuredmedia":[{"embeddable":true,"href":"https:\/\/haberbesiktas.tr\/index.php?rest_route=\/wp\/v2\/media\/40400"}],"wp:attachment":[{"href":"https:\/\/haberbesiktas.tr\/index.php?rest_route=%2Fwp%2Fv2%2Fmedia&parent=40399"}],"wp:term":[{"taxonomy":"category","embeddable":true,"href":"https:\/\/haberbesiktas.tr\/index.php?rest_route=%2Fwp%2Fv2%2Fcategories&post=40399"},{"taxonomy":"post_tag","embeddable":true,"href":"https:\/\/haberbesiktas.tr\/index.php?rest_route=%2Fwp%2Fv2%2Ftags&post=40399"}],"curies":[{"name":"wp","href":"https:\/\/api.w.org\/{rel}","templated":true}]}}