{"id":40423,"date":"2025-06-22T10:00:12","date_gmt":"2025-06-22T10:00:12","guid":{"rendered":"https:\/\/haberbesiktas.tr\/?p=40423"},"modified":"2025-06-22T10:00:12","modified_gmt":"2025-06-22T10:00:12","slug":"uefa-konferans-liginde-ceyrek-final-heyecani","status":"publish","type":"post","link":"https:\/\/haberbesiktas.tr\/?p=40423","title":{"rendered":"UEFA Konferans Ligi&#8217;nde \u00e7eyrek final heyecan\u0131"},"content":{"rendered":"<div>\n<p>UEFA Konferans Ligi \u00e7eyrek final ma\u00e7lar\u0131 10 Nisan Per\u015fembe g\u00fcn\u00fc oynanacak.<\/p>\n<p> Avrupa futbolunun kul\u00fcp seviyesindeki \u00fc\u00e7 numaral\u0131 tertibinde 10 Nisan Per\u015fembe g\u00fcn\u00fc oynanacak \u00e7eyrek final ma\u00e7lar\u0131n TS\u0130 program\u0131 \u015fu formda:<\/p>\n<p> 19.45 Legia Var\u015fova (Polonya)-Chelsea (\u0130ngiltere)<\/p>\n<p> 22.00 Real Betis (\u0130spanya)-Jagiellonia (Polonya)<\/p>\n<p> 22.00 Celje (Slovenya)-Fiorentina (\u0130talya)<\/p>\n<p> 22.00 Djurgarden (\u0130sve\u00e7)-Rapid Wien (Avusturya)<\/p>\n<p> UEFA Konferans Ligi \u00e7eyrek final r\u00f6van\u015f ma\u00e7lar\u0131 ise 17 Nisan Per\u015fembe g\u00fcn\u00fc oynanacak.<\/p>\n<p> \u00a0<\/p>\n<\/div>\n","protected":false},"excerpt":{"rendered":"<p>UEFA Konferans Ligi \u00e7eyrek final heyecan\u0131,10 Nisan Per\u015fembe g\u00fcn\u00fc oynanacak d\u00f6rt m\u00fcsabaka ile ba\u015fl\u0131yor.<\/p>\n","protected":false},"author":1,"featured_media":40424,"comment_status":"open","ping_status":"open","sticky":false,"template":"","format":"standard","meta":{"footnotes":""},"categories":[25],"tags":[],"class_list":["post-40423","post","type-post","status-publish","format-standard","has-post-thumbnail","hentry","category-futbol"],"_links":{"self":[{"href":"https:\/\/haberbesiktas.tr\/index.php?rest_route=\/wp\/v2\/posts\/40423","targetHints":{"allow":["GET"]}}],"collection":[{"href":"https:\/\/haberbesiktas.tr\/index.php?rest_route=\/wp\/v2\/posts"}],"about":[{"href":"https:\/\/haberbesiktas.tr\/index.php?rest_route=\/wp\/v2\/types\/post"}],"author":[{"embeddable":true,"href":"https:\/\/haberbesiktas.tr\/index.php?rest_route=\/wp\/v2\/users\/1"}],"replies":[{"embeddable":true,"href":"https:\/\/haberbesiktas.tr\/index.php?rest_route=%2Fwp%2Fv2%2Fcomments&post=40423"}],"version-history":[{"count":1,"href":"https:\/\/haberbesiktas.tr\/index.php?rest_route=\/wp\/v2\/posts\/40423\/revisions"}],"predecessor-version":[{"id":40425,"href":"https:\/\/haberbesiktas.tr\/index.php?rest_route=\/wp\/v2\/posts\/40423\/revisions\/40425"}],"wp:featuredmedia":[{"embeddable":true,"href":"https:\/\/haberbesiktas.tr\/index.php?rest_route=\/wp\/v2\/media\/40424"}],"wp:attachment":[{"href":"https:\/\/haberbesiktas.tr\/index.php?rest_route=%2Fwp%2Fv2%2Fmedia&parent=40423"}],"wp:term":[{"taxonomy":"category","embeddable":true,"href":"https:\/\/haberbesiktas.tr\/index.php?rest_route=%2Fwp%2Fv2%2Fcategories&post=40423"},{"taxonomy":"post_tag","embeddable":true,"href":"https:\/\/haberbesiktas.tr\/index.php?rest_route=%2Fwp%2Fv2%2Ftags&post=40423"}],"curies":[{"name":"wp","href":"https:\/\/api.w.org\/{rel}","templated":true}]}}