{"id":40435,"date":"2025-06-22T10:48:10","date_gmt":"2025-06-22T10:48:10","guid":{"rendered":"https:\/\/haberbesiktas.tr\/?p=40435"},"modified":"2025-06-22T10:48:10","modified_gmt":"2025-06-22T10:48:10","slug":"real-madrid-yine-unutulmayacak-bir-geri-donus-pesinde","status":"publish","type":"post","link":"https:\/\/haberbesiktas.tr\/?p=40435","title":{"rendered":"Real Madrid, yine unutulmayacak bir geri d\u00f6n\u00fc\u015f pe\u015finde"},"content":{"rendered":"<div>Real Madrid&#8217;in UEFA \u015eampiyonlar Ligi&#8217;nde \u00e7eyrek final birinci ma\u00e7\u0131nda deplasmanda Arsenal&#8217;e 3-0 yenilerek r\u00f6van\u015f \u00f6ncesinde cins baht\u0131n\u0131 zora sokmas\u0131 ak\u0131llara ge\u00e7mi\u015fteki geri d\u00f6n\u00fc\u015fleri getirdi.<\/p>\n<p> Avrupa futbolunun kul\u00fcp seviyesindeki bir numaral\u0131 turnuvas\u0131nda \u00e7eyrek final birinci ma\u00e7\u0131nda \u0130spanyol grubu Real Madrid, deplasmanda Arsenal&#8217;e 3-0 ma\u011flup oldu.<\/p>\n<p> Bu yenilginin akabinde ulusal futbolcu Arda G\u00fcler&#8217;in de forma giydi\u011fi ge\u00e7en y\u0131l\u0131n UEFA \u015eampiyonlar Ligi \u015fampiyonu Real Madrid, tertibe \u00e7eyrek finalde veda etmenin e\u015fi\u011finde.<\/p>\n<p> Real Madrid, konutunda Arsenal&#8217;e kar\u015f\u0131 16 Nisan&#8217;da oynayaca\u011f\u0131 r\u00f6van\u015f ma\u00e7\u0131nda unutulmaz bir geri d\u00f6n\u00fc\u015fe imza atmak zorunda.<\/p>\n<p> \u0130spanyol grubunun \u00e7e\u015fit baht\u0131n\u0131 zora sokmas\u0131 ak\u0131llara ge\u00e7mi\u015fteki geri d\u00f6n\u00fc\u015fleri getirdi.<\/p>\n<p> <span><strong>Real Madrid, daha evvel iki defa ba\u015fard\u0131<\/strong><\/span><\/p>\n<p> \u0130spanyol tak\u0131m\u0131 Real Madrid, geri d\u00f6n\u00fc\u015fleriyle futbol tarihine damga vurmu\u015ftu.<\/p>\n<p> Real Madrid, 1975-1976 d\u00f6neminde UEFA \u015eampiyon Kul\u00fcpler Kupas\u0131 ikinci cins birinci ma\u00e7\u0131nda \u0130ngiltere&#8217;nin Derby County grubuna 4-1 ma\u011flup oldu.<\/p>\n<p> Santiago Bernabeu&#8217;da rakibini a\u011f\u0131rlayan Real Madrid, 90 dakika sonunda 4-1 \u00fcst\u00fcnl\u00fck yakalayarak, ma\u00e7\u0131 uzatmaya g\u00f6t\u00fcrm\u00fc\u015ft\u00fc. Uzatma k\u0131s\u0131mlar\u0131nda Santillana&#8217;n\u0131n att\u0131\u011f\u0131 golle \u0130spanyollar \u00fcst cinse y\u00fckseldi.<\/p>\n<p> Eflatun-beyazl\u0131lar, UEFA Kupas\u0131&#8217;nda da tarihi bir geri d\u00f6n\u00fc\u015fe imza att\u0131.<\/p>\n<p> Almanya&#8217;n\u0131n Borussia M\u00f6nchengladbach kadrosuna 1985-1986 d\u00f6nemi \u00fc\u00e7\u00fcnc\u00fc \u00e7e\u015fit birinci ma\u00e7\u0131nda deplasmanda 5-1 yenilen Real Madrid, r\u00f6van\u015fta Valdano ve Santillana&#8217;n\u0131n iki\u015fer gol\u00fcyle rakibini 4-0 yenerek saf d\u0131\u015f\u0131 b\u0131rakt\u0131.<\/p>\n<p> UEFA \u015eampiyonlar Ligi&#8217;nde bu d\u00f6nem \u00e7eyrek final birinci ma\u00e7\u0131nda Arsenal&#8217;e 3-0 yenilen Real Madrid, r\u00f6van\u015f ma\u00e7\u0131nda bir sefer daha unutmaz bir d\u00f6n\u00fc\u015fe imza atmak istiyor.<\/p>\n<p> <span><strong>Liverpool&#8217;dan iki unutulmaz geri d\u00f6n\u00fc\u015f<\/strong><\/span><\/p>\n<p> UEFA \u015eampiyonlar Ligi&#8217;nde 2018\/19 d\u00f6neminde yar\u0131 finalde 3-0 yenildi\u011fi Barcelona&#8217;y\u0131 4-0 ma\u011flup eden Liverpool, tarihi bir galibiyet alm\u0131\u015ft\u0131. Barcelona&#8217;ya 3-0 yenildi\u011fi birinci ma\u00e7\u0131n r\u00f6van\u015f\u0131nda Anfield Road Stad\u0131&#8217;nda \u0130spanyol tak\u0131m\u0131n\u0131 a\u011f\u0131rlayan Liverpool, gol yollar\u0131nda tesirli iki de\u011ferli futbolcusu M\u0131s\u0131rl\u0131 Muhammed Salah ve Brezilyal\u0131 Roberto Firmino&#8217;nun eksikli\u011fine kar\u015f\u0131n rakibini 4-0 ma\u011flup ederek unutulmaz bir geri d\u00f6n\u00fc\u015fe imza att\u0131.<\/p>\n<p> Alman teknik adam Jurgen Klopp idaresindeki Liverpool, 2005 y\u0131l\u0131nda t\u0131pk\u0131 ma\u00e7 i\u00e7inde 3-0&#8217;dan skoru 3-3&#8217;e getirmeyi ba\u015farm\u0131\u015f ve penalt\u0131 at\u0131\u015flar\u0131yla \u015eampiyonlar Ligi kupas\u0131n\u0131 m\u00fczesine g\u00f6t\u00fcrm\u00fc\u015ft\u00fc.<\/p>\n<p> \u0130stanbul&#8217;un konut sahipli\u011fini yapt\u0131\u011f\u0131 2005 UEFA \u015eampiyonlar Ligi finalinde \u0130ngiliz temsilcisi Liverpool ile \u0130talyan tak\u0131m\u0131 Milan kar\u015f\u0131la\u015fm\u0131\u015ft\u0131.<\/p>\n<p> Birinci yar\u0131s\u0131 Milan&#8217;\u0131n 3-0 \u00fcst\u00fcnl\u00fc\u011f\u00fcyle tamamlanan ma\u00e7\u0131n ikinci yar\u0131s\u0131na farkl\u0131 bir havayla \u00e7\u0131kan \u0130ngiliz grubu, 7 dakikada buldu\u011fu 3 golle skoru 3-3&#8217;e getirdi.<\/p>\n<p> Finalin uzatma k\u0131sm\u0131nda iki kadro da gol bulamay\u0131nca seri penalt\u0131 at\u0131\u015flar\u0131na ge\u00e7ildi. Ma\u00e7ta 3-0 geriye d\u00fc\u015fen Liverpool, penalt\u0131larda rakibine 3-2 \u00fcst\u00fcnl\u00fck sa\u011flayarak kupay\u0131 kazand\u0131.<\/p>\n<p> <span><strong>Barcelona; Roma&#8217;ya kaybetti, PSG&#8217;yi \u00fczd\u00fc<\/strong><\/span><\/p>\n<p> \u0130spanyol grubu Barcelona, 2018 y\u0131l\u0131nda \u0130talyan temsilcisi Roma kar\u015f\u0131s\u0131nda geri d\u00f6n\u00fc\u015f\u00fcn kurban\u0131 olmu\u015ftu.<\/p>\n<p> Birinci ma\u00e7\u0131 4-1 kazanan Barcelona, ulusal futbolcu Cengiz \u00dcnder&#8217;in de formas\u0131n\u0131 giydi\u011fi Roma&#8217;ya r\u00f6van\u015fta 3-0 yenilerek turnuvaya \u00e7eyrek finalde veda etmi\u015fti.<\/p>\n<p> Barcelona, 2016-2017 d\u00f6neminde UEFA \u015eampiyonlar Ligi son 16 tipinde 4-0 yenildi\u011fi birinci ma\u00e7\u0131n akabinde Paris Saint-Germain&#8217;i Camp Nou&#8217;da a\u011f\u0131rlad\u0131.<\/p>\n<p> \u0130spanya temsilcisi, 88. dakikas\u0131na 3-1 \u00f6nde girdi\u011fi ve \u00e7e\u015fidi ge\u00e7mek i\u00e7in uzatma anlar\u0131 dahil 7 dakikada 3 gole muhta\u00e7l\u0131\u011f\u0131 oldu\u011fu ma\u00e7ta, art geriye 3 kere fileleri havaland\u0131rarak rakibini 6-1 yendi ve unutulmaz bir geri d\u00f6n\u00fc\u015fe imza att\u0131.<\/p>\n<p> <span><strong>Ak\u0131llara gelen en eski geri d\u00f6n\u00fc\u015f Leixoes&#8217;ten<\/strong><\/span><\/p>\n<p> Portekiz temsilcisi Leixoes, 1961-1962 d\u00f6neminde UEFA Kupa Galipleri Kupas\u0131 birinci cinsinde tarihi bir geri d\u00f6n\u00fc\u015f yapt\u0131.<\/p>\n<p> \u0130svi\u00e7re&#8217;nin La Chaux-de-Fonds ekibiyle e\u015fle\u015fen Leixoes, birinci ma\u00e7ta konuk oldu\u011fu rakibine 6-2 ma\u011flup oldu.<\/p>\n<p> R\u00f6van\u015f ma\u00e7\u0131nda rakibini a\u011f\u0131rlayan Leixoes, 5-0 \u00fczere net bir galibiyet alarak ismini ikinci cinse yazd\u0131rd\u0131.<\/p>\n<p> <span><strong>Partizan \u00e7e\u015fidi b\u0131rakmad\u0131<\/strong><\/span><\/p>\n<p> Yugoslavya periyodunda Partizan, 1984-1985 UEFA Kupas\u0131 ikinci t\u0131p birinci ma\u00e7\u0131nda deplasmanda \u0130ngiliz tak\u0131m\u0131 Queens Park Rangers&#8217;a (QPR) 6-2 yenildi.<\/p>\n<p> Ba\u015f\u015fehir Belgrad&#8217;da rakibini konuk eden Partizan, r\u00f6van\u015f ma\u00e7\u0131na s\u00fcratli ba\u015flam\u0131\u015f ve birinci yar\u0131y\u0131 3-0 \u00f6nde kapatm\u0131\u015ft\u0131. Partizan, ikinci yar\u0131da muhta\u00e7l\u0131\u011f\u0131 olan gol\u00fc de bularak QPR&#8217;\u0131 4-0 ma\u011flup etti.<\/p>\n<p> Tarihi bir galibiyet elde eden Partizan, b\u00f6ylelikle UEFA Kupas\u0131 3. tipine \u00e7\u0131kmay\u0131 ba\u015fard\u0131.<\/p>\n<p> <span><strong>Galatasaray&#8217;dan unutulmaz geri d\u00f6n\u00fc\u015f<\/strong><\/span><\/p>\n<p> Galatasaray, 1988-1989 d\u00f6neminde bug\u00fcn \u015eampiyonlar Ligi diye isimlendirilen \u015eampiyon Kul\u00fcpler Kupas\u0131 ikinci \u00e7e\u015fidinde \u0130svi\u00e7re&#8217;nin Neuchatel Xamax ekibiyle e\u015fle\u015fti.<\/p>\n<p> Deplasmanda oynanan birinci ma\u00e7\u0131 Galatasaray 3-0 kaybetti.<\/p>\n<p> R\u00f6van\u015f ma\u00e7\u0131nda Ali Sami Yen Stad\u0131&#8217;nda rakibini a\u011f\u0131rlayan sar\u0131-k\u0131rm\u0131z\u0131l\u0131lar, birinci yar\u0131y\u0131 1-0 \u00f6nde kapatm\u0131\u015ft\u0131. \u0130kinci yar\u0131n\u0131n son 15 dakikas\u0131nda art geriye buldu\u011fu gollerle rakibini 5-0 \u00fczere net bir skorla yenen Galatasaray, o d\u00f6nem yar\u0131 finale kadar \u00e7\u0131kt\u0131.<\/p>\n<p> <span><strong>Dikkati \u00e7eken bir geri d\u00f6n\u00fc\u015f de Deportivo&#8217;dan<\/strong><\/span><\/p>\n<p> \u0130spanya&#8217;n\u0131n Deportivo La Coruna ekibi, \u0130talyan temsilcisi Milan ile 2003-2004 UEFA \u015eampiyonlar Ligi \u00e7eyrek finalinde kar\u015f\u0131 kar\u015f\u0131ya geldi.<\/p>\n<p> Deportivo, birinci ma\u00e7\u0131n ba\u015f\u0131nda 1-0 \u00f6ne ge\u00e7ti lakin \u00e7abadan 4-1 ma\u011flup ayr\u0131ld\u0131.<\/p>\n<p> Milan \u00fczere g\u00fc\u00e7l\u00fc bir rakip kar\u015f\u0131s\u0131nda r\u00f6van\u015f ma\u00e7\u0131nda cins atlamas\u0131na yetecek 3-0&#8217;l\u0131k skoru daha birinci yar\u0131da bulan \u0130spanyol grubu, ikinci devrede bir gol daha bularak 4-0&#8217;l\u0131k galibiyet elde etti.<\/p>\n<\/div>\n","protected":false},"excerpt":{"rendered":"<p>Real Madrid&#8217;in UEFA \u015eampiyonlar Ligi&#8217;nde \u00e7eyrek final birinci ma\u00e7\u0131nda Arsenal&#8217;e 3-0 yenilerek cins talihini zora sokmas\u0131 ak\u0131llara ge\u00e7mi\u015fteki geri d\u00f6n\u00fc\u015fleri getirdi.<\/p>\n","protected":false},"author":1,"featured_media":40436,"comment_status":"open","ping_status":"open","sticky":false,"template":"","format":"standard","meta":{"footnotes":""},"categories":[25],"tags":[3089,77,364,221,3088],"class_list":["post-40435","post","type-post","status-publish","format-standard","has-post-thumbnail","hentry","category-futbol","tag-3-0","tag-gol","tag-real-madrid","tag-tur","tag-yen"],"_links":{"self":[{"href":"https:\/\/haberbesiktas.tr\/index.php?rest_route=\/wp\/v2\/posts\/40435","targetHints":{"allow":["GET"]}}],"collection":[{"href":"https:\/\/haberbesiktas.tr\/index.php?rest_route=\/wp\/v2\/posts"}],"about":[{"href":"https:\/\/haberbesiktas.tr\/index.php?rest_route=\/wp\/v2\/types\/post"}],"author":[{"embeddable":true,"href":"https:\/\/haberbesiktas.tr\/index.php?rest_route=\/wp\/v2\/users\/1"}],"replies":[{"embeddable":true,"href":"https:\/\/haberbesiktas.tr\/index.php?rest_route=%2Fwp%2Fv2%2Fcomments&post=40435"}],"version-history":[{"count":1,"href":"https:\/\/haberbesiktas.tr\/index.php?rest_route=\/wp\/v2\/posts\/40435\/revisions"}],"predecessor-version":[{"id":40437,"href":"https:\/\/haberbesiktas.tr\/index.php?rest_route=\/wp\/v2\/posts\/40435\/revisions\/40437"}],"wp:featuredmedia":[{"embeddable":true,"href":"https:\/\/haberbesiktas.tr\/index.php?rest_route=\/wp\/v2\/media\/40436"}],"wp:attachment":[{"href":"https:\/\/haberbesiktas.tr\/index.php?rest_route=%2Fwp%2Fv2%2Fmedia&parent=40435"}],"wp:term":[{"taxonomy":"category","embeddable":true,"href":"https:\/\/haberbesiktas.tr\/index.php?rest_route=%2Fwp%2Fv2%2Fcategories&post=40435"},{"taxonomy":"post_tag","embeddable":true,"href":"https:\/\/haberbesiktas.tr\/index.php?rest_route=%2Fwp%2Fv2%2Ftags&post=40435"}],"curies":[{"name":"wp","href":"https:\/\/api.w.org\/{rel}","templated":true}]}}