{"id":40459,"date":"2025-06-22T12:24:07","date_gmt":"2025-06-22T12:24:07","guid":{"rendered":"https:\/\/haberbesiktas.tr\/?p=40459"},"modified":"2025-06-22T12:24:07","modified_gmt":"2025-06-22T12:24:07","slug":"onana-ve-matic-arasinda-buyuk-gerilim","status":"publish","type":"post","link":"https:\/\/haberbesiktas.tr\/?p=40459","title":{"rendered":"Onana ve Matic aras\u0131nda b\u00fcy\u00fck gerilim!"},"content":{"rendered":"<div>UEFA Avrupa Ligi&#8217;nde Lyon ile Manchester United&#8217;\u0131n kar\u015f\u0131la\u015faca\u011f\u0131 \u00e7eyrek final birinci ma\u00e7\u0131 \u00f6ncesinde gerili\u015fim ya\u015fand\u0131.<\/p>\n<p> <strong>ONANA: &#8220;LYON&#8217;DAN \u00c7OK \u0130Y\u0130Y\u0130Z&#8221;<\/strong><\/p>\n<p> Manchester United&#8217;\u0131n kalecisi Andre Onana,<strong> &#8220;Lyon&#8217;dan \u00e7ok daha yeterli oldu\u011fumuzu d\u00fc\u015f\u00fcn\u00fcyorum.&#8221;<\/strong> diyerek, kendilerini avantajl\u0131 g\u00f6rd\u00fc\u011f\u00fcn\u00fc a\u00e7\u0131klad\u0131.<\/p>\n<p> <strong>MATIC&#8217;TEN ONANA&#8217;YA SERT S\u00d6ZLER<\/strong><\/p>\n<p> \u0130ngiliz tak\u0131m\u0131nda yakla\u015f\u0131k 5 d\u00f6nem forma giyen 36 ya\u015f\u0131ndaki S\u0131rp futbolcu Nemanja Matic, Onana&#8217;ya kar\u015f\u0131l\u0131k verdi <strong>&#8220;Manchester United tarihinin en makus kalecilerinden birisiyseniz, ne konu\u015ftu\u011funuzu bilmeniz gerekir. Bunu s\u00f6yleyen Van der Sar, Schmeichel ya da De Gea olsa tamam lakin Onana&#8230; O en berbatlardan birisi.&#8221;<\/strong> diye konu\u015ftu.<\/p>\n<p> <strong>ONANA&#8217;DAN MATIC&#8217;E G\u00d6NDERME<\/strong><\/p>\n<p> 29 ya\u015f\u0131ndaki Kamerunlu kaleci Onana, toplumsal medya hesab\u0131ndan Matic&#8217;e y\u00f6nelik payla\u015f\u0131m\u0131nda <strong>&#8220;Ba\u015fka bir kul\u00fcbe asla sayg\u0131s\u0131zl\u0131k yapmam. Per\u015fembe g\u00fcn\u00fc g\u00fc\u00e7l\u00fc bir rakibe kar\u015f\u0131 s\u0131k\u0131nt\u0131 bir ma\u00e7 olaca\u011f\u0131n\u0131 biliyoruz. En az\u0131ndan d\u00fcnyan\u0131n en b\u00fcy\u00fck kul\u00fcb\u00fcyle kupalar kald\u0131rd\u0131m. Kimileri birebir \u015feyi s\u00f6yleyemez.&#8221;<\/strong> s\u00f6zlerini kulland\u0131.<\/p>\n<p><\/div>\n","protected":false},"excerpt":{"rendered":"<p>UEFA Avrupa Ligi&#8217;nde Lyon ile Manchester United&#8217;\u0131n kar\u015f\u0131la\u015faca\u011f\u0131 \u00e7eyrek final birinci ma\u00e7\u0131 \u00f6ncesinde Manchester United&#8217;\u0131n kalecisi Andre Onana ile Lyon&#8217;da forma giyen Nemanja Matic ortas\u0131nda bir tansiyon ya\u015fand\u0131. \u0130\u015fte ayr\u0131nt\u0131lar&#8230;<\/p>\n","protected":false},"author":1,"featured_media":40460,"comment_status":"open","ping_status":"open","sticky":false,"template":"","format":"standard","meta":{"footnotes":""},"categories":[25],"tags":[],"class_list":["post-40459","post","type-post","status-publish","format-standard","has-post-thumbnail","hentry","category-futbol"],"_links":{"self":[{"href":"https:\/\/haberbesiktas.tr\/index.php?rest_route=\/wp\/v2\/posts\/40459","targetHints":{"allow":["GET"]}}],"collection":[{"href":"https:\/\/haberbesiktas.tr\/index.php?rest_route=\/wp\/v2\/posts"}],"about":[{"href":"https:\/\/haberbesiktas.tr\/index.php?rest_route=\/wp\/v2\/types\/post"}],"author":[{"embeddable":true,"href":"https:\/\/haberbesiktas.tr\/index.php?rest_route=\/wp\/v2\/users\/1"}],"replies":[{"embeddable":true,"href":"https:\/\/haberbesiktas.tr\/index.php?rest_route=%2Fwp%2Fv2%2Fcomments&post=40459"}],"version-history":[{"count":1,"href":"https:\/\/haberbesiktas.tr\/index.php?rest_route=\/wp\/v2\/posts\/40459\/revisions"}],"predecessor-version":[{"id":40461,"href":"https:\/\/haberbesiktas.tr\/index.php?rest_route=\/wp\/v2\/posts\/40459\/revisions\/40461"}],"wp:featuredmedia":[{"embeddable":true,"href":"https:\/\/haberbesiktas.tr\/index.php?rest_route=\/wp\/v2\/media\/40460"}],"wp:attachment":[{"href":"https:\/\/haberbesiktas.tr\/index.php?rest_route=%2Fwp%2Fv2%2Fmedia&parent=40459"}],"wp:term":[{"taxonomy":"category","embeddable":true,"href":"https:\/\/haberbesiktas.tr\/index.php?rest_route=%2Fwp%2Fv2%2Fcategories&post=40459"},{"taxonomy":"post_tag","embeddable":true,"href":"https:\/\/haberbesiktas.tr\/index.php?rest_route=%2Fwp%2Fv2%2Ftags&post=40459"}],"curies":[{"name":"wp","href":"https:\/\/api.w.org\/{rel}","templated":true}]}}