{"id":40462,"date":"2025-06-22T12:36:07","date_gmt":"2025-06-22T12:36:07","guid":{"rendered":"https:\/\/haberbesiktas.tr\/?p=40462"},"modified":"2025-06-22T12:36:07","modified_gmt":"2025-06-22T12:36:07","slug":"fenerbahce-medicanada-derbi-maglubiyeti-sonrasi-ayriliklar","status":"publish","type":"post","link":"https:\/\/haberbesiktas.tr\/?p=40462","title":{"rendered":"Fenerbah\u00e7e Medicana&#8217;da derbi ma\u011flubiyeti sonras\u0131 ayr\u0131l\u0131klar!"},"content":{"rendered":"<p><span>Fenerbah\u00e7e Medicana, Galatasaray Daikin derbisi hezimeti sonras\u0131 Ba\u015fantren\u00f6r\u00fc Marco Fenoglio, Yard\u0131mc\u0131 Antren\u00f6r\u00fc Stefano Micoli ve Kondisyoneri Maurizio Negro ile yollar\u0131n ayr\u0131ld\u0131\u011f\u0131n\u0131 duyurdu.<\/p>\n<p><strong>DETAYLAR B\u0130RAZDAN&#8230;<\/strong><\/span><\/p>\n","protected":false},"excerpt":{"rendered":"<p>Fenerbah\u00e7e Medicana, Galatasaray Daikin derbisi hezimeti sonras\u0131 Ba\u015fantren\u00f6r\u00fc Marco Fenoglio, Yard\u0131mc\u0131 Antren\u00f6r\u00fc Stefano Micoli ve Kondisyoneri Maurizio Negro ile yollar\u0131n ayr\u0131ld\u0131\u011f\u0131n\u0131 duyurdu.<\/p>\n","protected":false},"author":1,"featured_media":40463,"comment_status":"open","ping_status":"open","sticky":false,"template":"","format":"standard","meta":{"footnotes":""},"categories":[39],"tags":[],"class_list":["post-40462","post","type-post","status-publish","format-standard","has-post-thumbnail","hentry","category-voleybol"],"_links":{"self":[{"href":"https:\/\/haberbesiktas.tr\/index.php?rest_route=\/wp\/v2\/posts\/40462","targetHints":{"allow":["GET"]}}],"collection":[{"href":"https:\/\/haberbesiktas.tr\/index.php?rest_route=\/wp\/v2\/posts"}],"about":[{"href":"https:\/\/haberbesiktas.tr\/index.php?rest_route=\/wp\/v2\/types\/post"}],"author":[{"embeddable":true,"href":"https:\/\/haberbesiktas.tr\/index.php?rest_route=\/wp\/v2\/users\/1"}],"replies":[{"embeddable":true,"href":"https:\/\/haberbesiktas.tr\/index.php?rest_route=%2Fwp%2Fv2%2Fcomments&post=40462"}],"version-history":[{"count":1,"href":"https:\/\/haberbesiktas.tr\/index.php?rest_route=\/wp\/v2\/posts\/40462\/revisions"}],"predecessor-version":[{"id":40464,"href":"https:\/\/haberbesiktas.tr\/index.php?rest_route=\/wp\/v2\/posts\/40462\/revisions\/40464"}],"wp:featuredmedia":[{"embeddable":true,"href":"https:\/\/haberbesiktas.tr\/index.php?rest_route=\/wp\/v2\/media\/40463"}],"wp:attachment":[{"href":"https:\/\/haberbesiktas.tr\/index.php?rest_route=%2Fwp%2Fv2%2Fmedia&parent=40462"}],"wp:term":[{"taxonomy":"category","embeddable":true,"href":"https:\/\/haberbesiktas.tr\/index.php?rest_route=%2Fwp%2Fv2%2Fcategories&post=40462"},{"taxonomy":"post_tag","embeddable":true,"href":"https:\/\/haberbesiktas.tr\/index.php?rest_route=%2Fwp%2Fv2%2Ftags&post=40462"}],"curies":[{"name":"wp","href":"https:\/\/api.w.org\/{rel}","templated":true}]}}