{"id":40537,"date":"2025-06-22T17:24:09","date_gmt":"2025-06-22T17:24:09","guid":{"rendered":"https:\/\/haberbesiktas.tr\/?p=40537"},"modified":"2025-06-22T17:24:09","modified_gmt":"2025-06-22T17:24:09","slug":"fenerbahcenin-yeni-hedefi-thomas-muller","status":"publish","type":"post","link":"https:\/\/haberbesiktas.tr\/?p=40537","title":{"rendered":"Fenerbah\u00e7e&#8217;nin yeni hedefi: Thomas M\u00fcller!"},"content":{"rendered":"<div>S\u00fcper Lig&#8217;de d\u00f6nemin bitimine 8 hafta kala ekipler gelecek d\u00f6nem i\u00e7in transfer \u00e7al\u0131\u015fmalar\u0131n\u0131 s\u00fcratle s\u00fcrd\u00fcr\u00fcyor.<\/p>\n<p>Fenerbah\u00e7e, d\u00f6nem sonunda Bayern M\u00fcnih ile kontrat\u0131 sona erecek olan Thomas M\u00fcller ile ilgileniyor.\u00a0<\/p>\n<p>Dusan Tadic&#8217;in ayr\u0131lma ihtimali hasebiyle dinamik ve hamlenin her yerinde oynayabilecek bir 10 numara istedi\u011fini idareye bildiren Jose Mourinho, Tadic ve Dzeko&#8217;dan bo\u015falacak &#8216;lider&#8217; eksi\u011fini de M\u00fcller ile tamamlamay\u0131 hedefliyor.<\/p>\n<p><strong>MOURINHO, M\u00dcLLER HAKKINDA KONU\u015eMU\u015eTU<\/strong><\/p>\n<p>Mourinho, 2019&#8217;da Thomas M\u00fcller ile ilgili bir a\u00e7\u0131klamas\u0131nda, <strong>&#8220;O, gen\u00e7 ya\u015f\u0131ndan beri ba\u015far\u0131l\u0131. Birebir benim \u00fczere. Bu nedenle be\u015ferler ikimizi de oldu\u011fumuzdan \u00e7ok daha ya\u015fl\u0131 zannediyor.&#8221;<\/strong> demi\u015fti. <\/p>\n<p>Fenerbah\u00e7e&#8217;nin 35 ya\u015f\u0131ndaki atak oyuncusuna 1+1 y\u0131ll\u0131k mukavele teklif edece\u011fi arg\u00fcman edildi. Alman bas\u0131n\u0131nda yer alan haberlerde, Thomas M\u00fcller&#8217;in d\u00f6nem sonuna kadar b\u00fcsb\u00fct\u00fcn Bayern M\u00fcnih&#8217;in ba\u015far\u0131s\u0131na odaklanaca\u011f\u0131 ve daha sonra gelece\u011fine karar verece\u011fi belirtildi.<\/p>\n<p><strong>PERFORMANSI<\/strong><\/p>\n<p>Bu d\u00f6nem Bayern M\u00fcnih formas\u0131yla 37 ma\u00e7a \u00e7\u0131kan M\u00fcller, 6 gol ve 5 asistlik performans sergiledi.<\/p><\/div>\n","protected":false},"excerpt":{"rendered":"<p>Fenerbah\u00e7e, d\u00f6nem sonu Bayern M\u00fcnih&#8217;ten ayr\u0131lacak olan Thomas M\u00fcller ile ilgileniyor.<\/p>\n","protected":false},"author":1,"featured_media":40538,"comment_status":"open","ping_status":"open","sticky":false,"template":"","format":"standard","meta":{"footnotes":""},"categories":[25],"tags":[2996,57],"class_list":["post-40537","post","type-post","status-publish","format-standard","has-post-thumbnail","hentry","category-futbol","tag-muller","tag-sezon"],"_links":{"self":[{"href":"https:\/\/haberbesiktas.tr\/index.php?rest_route=\/wp\/v2\/posts\/40537","targetHints":{"allow":["GET"]}}],"collection":[{"href":"https:\/\/haberbesiktas.tr\/index.php?rest_route=\/wp\/v2\/posts"}],"about":[{"href":"https:\/\/haberbesiktas.tr\/index.php?rest_route=\/wp\/v2\/types\/post"}],"author":[{"embeddable":true,"href":"https:\/\/haberbesiktas.tr\/index.php?rest_route=\/wp\/v2\/users\/1"}],"replies":[{"embeddable":true,"href":"https:\/\/haberbesiktas.tr\/index.php?rest_route=%2Fwp%2Fv2%2Fcomments&post=40537"}],"version-history":[{"count":1,"href":"https:\/\/haberbesiktas.tr\/index.php?rest_route=\/wp\/v2\/posts\/40537\/revisions"}],"predecessor-version":[{"id":40539,"href":"https:\/\/haberbesiktas.tr\/index.php?rest_route=\/wp\/v2\/posts\/40537\/revisions\/40539"}],"wp:featuredmedia":[{"embeddable":true,"href":"https:\/\/haberbesiktas.tr\/index.php?rest_route=\/wp\/v2\/media\/40538"}],"wp:attachment":[{"href":"https:\/\/haberbesiktas.tr\/index.php?rest_route=%2Fwp%2Fv2%2Fmedia&parent=40537"}],"wp:term":[{"taxonomy":"category","embeddable":true,"href":"https:\/\/haberbesiktas.tr\/index.php?rest_route=%2Fwp%2Fv2%2Fcategories&post=40537"},{"taxonomy":"post_tag","embeddable":true,"href":"https:\/\/haberbesiktas.tr\/index.php?rest_route=%2Fwp%2Fv2%2Ftags&post=40537"}],"curies":[{"name":"wp","href":"https:\/\/api.w.org\/{rel}","templated":true}]}}