{"id":40540,"date":"2025-06-22T17:36:08","date_gmt":"2025-06-22T17:36:08","guid":{"rendered":"https:\/\/haberbesiktas.tr\/?p=40540"},"modified":"2025-06-22T17:36:08","modified_gmt":"2025-06-22T17:36:08","slug":"galatasarayin-yilmaz-savascisi-baris-alper","status":"publish","type":"post","link":"https:\/\/haberbesiktas.tr\/?p=40540","title":{"rendered":"Galatasaray&#8217;\u0131n &#8216;Y\u0131lmaz&#8217; sava\u015f\u00e7\u0131s\u0131: Bar\u0131\u015f Alper!"},"content":{"rendered":"<div>Galatasaray&#8217;da d\u00f6nemin y\u0131ld\u0131z isimlerinden Bar\u0131\u015f Alper Y\u0131lmaz, istikrar\u0131 ve performans\u0131yla takdir toplamaya devam ediyor.<\/p>\n<p> Ulusal futbolcu, Galatasaray&#8217;\u0131n son 101 ma\u00e7\u0131n\u0131n 97&#8217;sinde forma giydi.<\/p>\n<p> Teknik Y\u00f6netici Okan Buruk&#8217;un en fazla g\u00fcvendi\u011fi isimlerden olan Bar\u0131\u015f Alper, \u00f6zellikle lig yar\u0131\u015f\u0131nda \u00f6n plana \u00e7\u0131kacak.<\/p>\n<p> <strong>DAHA FAZLA SORUMLULUK<\/strong><\/p>\n<p> Okan Buruk&#8217;un Bar\u0131\u015f Alper Y\u0131lmaz&#8217;a daha fazla sorumluluk verece\u011fi belirtildi.<\/p>\n<p> <strong>BU D\u00d6NEM BARI\u015e ALPER<\/strong><\/p>\n<p> 24 ya\u015f\u0131ndaki futbolcu, bu d\u00f6nem Galatasaray formas\u0131yla 42 resmi ma\u00e7ta forma giydi ve 11 gol, 6 asistlik katk\u0131 verdi.\u00a0<\/p>\n<div>\u00a0<\/div>\n<\/div>\n","protected":false},"excerpt":{"rendered":"<p>Galatasaray&#8217;da teknik y\u00f6netici Okan Buruk&#8217;un en fazla g\u00fcvendi\u011fi isimlerden olan Bar\u0131\u015f Alper, \u00f6zellikle lig yar\u0131\u015f\u0131nda \u00f6n plana \u00e7\u0131kacak.<\/p>\n","protected":false},"author":1,"featured_media":40541,"comment_status":"open","ping_status":"open","sticky":false,"template":"","format":"standard","meta":{"footnotes":""},"categories":[25],"tags":[],"class_list":["post-40540","post","type-post","status-publish","format-standard","has-post-thumbnail","hentry","category-futbol"],"_links":{"self":[{"href":"https:\/\/haberbesiktas.tr\/index.php?rest_route=\/wp\/v2\/posts\/40540","targetHints":{"allow":["GET"]}}],"collection":[{"href":"https:\/\/haberbesiktas.tr\/index.php?rest_route=\/wp\/v2\/posts"}],"about":[{"href":"https:\/\/haberbesiktas.tr\/index.php?rest_route=\/wp\/v2\/types\/post"}],"author":[{"embeddable":true,"href":"https:\/\/haberbesiktas.tr\/index.php?rest_route=\/wp\/v2\/users\/1"}],"replies":[{"embeddable":true,"href":"https:\/\/haberbesiktas.tr\/index.php?rest_route=%2Fwp%2Fv2%2Fcomments&post=40540"}],"version-history":[{"count":1,"href":"https:\/\/haberbesiktas.tr\/index.php?rest_route=\/wp\/v2\/posts\/40540\/revisions"}],"predecessor-version":[{"id":40542,"href":"https:\/\/haberbesiktas.tr\/index.php?rest_route=\/wp\/v2\/posts\/40540\/revisions\/40542"}],"wp:featuredmedia":[{"embeddable":true,"href":"https:\/\/haberbesiktas.tr\/index.php?rest_route=\/wp\/v2\/media\/40541"}],"wp:attachment":[{"href":"https:\/\/haberbesiktas.tr\/index.php?rest_route=%2Fwp%2Fv2%2Fmedia&parent=40540"}],"wp:term":[{"taxonomy":"category","embeddable":true,"href":"https:\/\/haberbesiktas.tr\/index.php?rest_route=%2Fwp%2Fv2%2Fcategories&post=40540"},{"taxonomy":"post_tag","embeddable":true,"href":"https:\/\/haberbesiktas.tr\/index.php?rest_route=%2Fwp%2Fv2%2Ftags&post=40540"}],"curies":[{"name":"wp","href":"https:\/\/api.w.org\/{rel}","templated":true}]}}