{"id":40543,"date":"2025-06-22T17:48:14","date_gmt":"2025-06-22T17:48:14","guid":{"rendered":"https:\/\/haberbesiktas.tr\/?p=40543"},"modified":"2025-06-22T17:48:14","modified_gmt":"2025-06-22T17:48:14","slug":"mourinho-galatasaray-icin-dedigim-oldu","status":"publish","type":"post","link":"https:\/\/haberbesiktas.tr\/?p=40543","title":{"rendered":"Mourinho: &#8220;Galatasaray i\u00e7in dedi\u011fim oldu&#8221;"},"content":{"rendered":"<div>Fenerbah\u00e7e, Trendyol Harika Lig&#8217;in 31. haftas\u0131nda oynanacak Sivasspor ma\u00e7\u0131n\u0131n haz\u0131rl\u0131klar\u0131na ba\u015flad\u0131.<\/p>\n<p>Teknik y\u00f6netici Jose Mourinho, ekibiyle bir toplant\u0131 ger\u00e7ekle\u015ftirerek fark\u0131n 3 puana indi\u011fine vurgu yapt\u0131.<\/p>\n<p>Portekizli teknik adam, <strong>&#8220;Futbolun her sonuca a\u00e7\u0131k bir oyun oldu\u011funu her vakit vurgulad\u0131m. Bug\u00fcn geldi\u011fimiz noktada bu fikrimin ne kadar yanl\u0131\u015fs\u0131z oldu\u011fu bir kere daha ortaya \u00e7\u0131kt\u0131. Lakin fark\u0131n \u00fc\u00e7e inmesi bize rehavet getirmemeli. Bilakis, daha da fazla odaklanmal\u0131, disiplinimizi art\u0131rmal\u0131 ve ge\u00e7mi\u015fteki kusurlardan ders \u00e7\u0131kararak kalan ma\u00e7lara d\u00f6rt elle sar\u0131lmal\u0131y\u0131z.<\/strong><\/p>\n<p><strong>&#8220;TARAFTARIMIZ \u0130\u00c7\u0130N&#8221;<\/strong><br \/> <strong>Hepiniz \u00fcst seviye mesleklere sahip, g\u00fc\u00e7l\u00fc ve deneyimli oyunculars\u0131n\u0131z. Bu g\u00fcc\u00fcm\u00fcz\u00fc, d\u00f6nem boyunca yan\u0131m\u0131zda olan, g\u00fczel g\u00fcnde berbat g\u00fcnde dayana\u011f\u0131n\u0131 esirgemeyen taraftar\u0131m\u0131z i\u00e7in alana yans\u0131tmal\u0131y\u0131z. Art\u0131k \u00f6n\u00fcm\u00fczdeki her m\u00fcsabaka bir final niteli\u011finde. <\/strong><\/p>\n<p><strong>Bu y\u00fczden yaln\u0131zca \u00f6n\u00fcm\u00fczdeki ma\u00e7a odaklanaca\u011f\u0131z. D\u0131\u015far\u0131dan gelen seslere kula\u011f\u0131m\u0131z\u0131 kapataca\u011f\u0131z. Yeniden \u00fczerimize oyunlar kurulabilir. Fakat biz dimdik duracak, \u00e7abam\u0131z\u0131 son dakikaya kadar s\u00fcrd\u00fcrece\u011fiz.<\/strong><\/p>\n<p> <strong>Galatasaray kar\u015f\u0131s\u0131nda ya\u015fad\u0131\u011f\u0131m\u0131z yenilgi, i\u00e7inizdeki kazanma dile\u011fini daha da k\u00f6r\u00fckledi. Bu tutkuyu d\u00f6nem sonuna kadar canl\u0131 tutal\u0131m ve daima birlikte \u015fampiyonlu\u011fa y\u00fcr\u00fcyelim.&#8221;<\/strong><\/p>\n<div>\u00a0<\/div>\n<p> \u00a0<\/p>\n<p><\/div>\n","protected":false},"excerpt":{"rendered":"<p>Trendyol \u00dcst\u00fcn Lig&#8217;in 31. haftas\u0131nda Sivasspor ile kar\u015f\u0131la\u015facak olan Fenerbah\u00e7e&#8217;de teknik y\u00f6netici Jose Mourinho, yap\u0131lan \u00e7al\u0131\u015fmada \u00f6\u011frencilerine bildiri verdi.<\/p>\n","protected":false},"author":1,"featured_media":40544,"comment_status":"open","ping_status":"open","sticky":false,"template":"","format":"standard","meta":{"footnotes":""},"categories":[25],"tags":[],"class_list":["post-40543","post","type-post","status-publish","format-standard","has-post-thumbnail","hentry","category-futbol"],"_links":{"self":[{"href":"https:\/\/haberbesiktas.tr\/index.php?rest_route=\/wp\/v2\/posts\/40543","targetHints":{"allow":["GET"]}}],"collection":[{"href":"https:\/\/haberbesiktas.tr\/index.php?rest_route=\/wp\/v2\/posts"}],"about":[{"href":"https:\/\/haberbesiktas.tr\/index.php?rest_route=\/wp\/v2\/types\/post"}],"author":[{"embeddable":true,"href":"https:\/\/haberbesiktas.tr\/index.php?rest_route=\/wp\/v2\/users\/1"}],"replies":[{"embeddable":true,"href":"https:\/\/haberbesiktas.tr\/index.php?rest_route=%2Fwp%2Fv2%2Fcomments&post=40543"}],"version-history":[{"count":1,"href":"https:\/\/haberbesiktas.tr\/index.php?rest_route=\/wp\/v2\/posts\/40543\/revisions"}],"predecessor-version":[{"id":40545,"href":"https:\/\/haberbesiktas.tr\/index.php?rest_route=\/wp\/v2\/posts\/40543\/revisions\/40545"}],"wp:featuredmedia":[{"embeddable":true,"href":"https:\/\/haberbesiktas.tr\/index.php?rest_route=\/wp\/v2\/media\/40544"}],"wp:attachment":[{"href":"https:\/\/haberbesiktas.tr\/index.php?rest_route=%2Fwp%2Fv2%2Fmedia&parent=40543"}],"wp:term":[{"taxonomy":"category","embeddable":true,"href":"https:\/\/haberbesiktas.tr\/index.php?rest_route=%2Fwp%2Fv2%2Fcategories&post=40543"},{"taxonomy":"post_tag","embeddable":true,"href":"https:\/\/haberbesiktas.tr\/index.php?rest_route=%2Fwp%2Fv2%2Ftags&post=40543"}],"curies":[{"name":"wp","href":"https:\/\/api.w.org\/{rel}","templated":true}]}}