{"id":40552,"date":"2025-06-22T18:24:08","date_gmt":"2025-06-22T18:24:08","guid":{"rendered":"https:\/\/haberbesiktas.tr\/?p=40552"},"modified":"2025-06-22T18:24:08","modified_gmt":"2025-06-22T18:24:08","slug":"besiktasa-jovic-surprizi","status":"publish","type":"post","link":"https:\/\/haberbesiktas.tr\/?p=40552","title":{"rendered":"Be\u015fikta\u015f&#8217;a Jovic S\u00fcrprizi"},"content":{"rendered":"<div>\n<p>Luka Jovic&#8217;in menajeri Dusko Tosic ge\u00e7ti\u011fimiz g\u00fcnlerde Lider Adal\u0131 ile bir ortaya geldi.<\/p>\n<p> Tosic, Milan&#8217;la mukavelesi d\u00f6nem sonunda bitecek olan S\u0131rp golc\u00fc Luka Jovic&#8217;i \u00f6nerdi.<\/p>\n<p> 2019- 20 d\u00f6neminde Frankfurt&#8217;tan Real Madrid&#8217;e 63 milyon euro&#8217;ya transfer olan Jovic&#8217;in Be\u015fikta\u015f&#8217;ta forma giymek istedi\u011fini iletti.<\/p>\n<p> \u0130mza paras\u0131yla birlikte 3 milyon euro&#8217;luk bir say\u0131n\u0131n garanti edilmesi durumunda 27 ya\u015f\u0131ndaki y\u0131ld\u0131z\u0131n imza atmaya haz\u0131r oldu\u011funu s\u00f6yledi.\u00a0<\/p>\n<p> <strong>S\u00d6ZLE\u015eMES\u0130 HAZ\u0130RAN&#8217;DA B\u0130T\u0130YOR<\/strong><\/p>\n<p> Beklenen performans\u0131 veremeyen y\u0131ll\u0131k 10 milyon euro civar\u0131nda maliyeti bulunan Ciro Immobile ile yollar\u0131n\u0131 ay\u0131rmay\u0131 planlayan siyah-beyazl\u0131 idarenin deneyimli oyuncunun transferini de\u011ferlendirmeye ald\u0131\u011f\u0131 bildirildi. Grubuyla Haziran 2025&#8217;e kadar mukavelesi bulunan Jovic&#8217;in yeni piyasa pahas\u0131 2.5 milyon euro.<\/p>\n<p> <strong>&#8220;KALSA DAHA \u00c2L\u00c2 OLUR FAKAT&#8230;&#8221;<\/strong><\/p>\n<p> S\u0131rp bas\u0131n\u0131na a\u00e7\u0131klamalarda bulunan Jovic&#8217;in babas\u0131, Trabzonspor ve Be\u015fikta\u015f&#8217;\u0131n d\u00f6nem sonu mukavelesi bitecek futbolcuyla ilgilendi\u011fini s\u00f6z ederek; <strong>&#8220;Be\u015fikta\u015f ve Trabzonspor, Luka ile ilgileniyor; bu ger\u00e7ek. Milan&#8217;da kalmas\u0131 daha uygun olur. Ancak kul\u00fcpte \u00e7ok fazla de\u011fi\u015fiklik olursa, o vakit kalmak m\u00fcmk\u00fcn olmayabilir ve \u00f6teki bir kul\u00fcbe gitmekten \u00f6b\u00fcr derman\u0131m\u0131z kalmaz&#8221;<\/strong> dedi.<\/p>\n<p> <strong>PERFORMANSI<\/strong><\/p>\n<p> 27 ya\u015f\u0131ndaki S\u0131rp forvet bu d\u00f6nem 9 ma\u00e7ta 2 gol performans\u0131 sergiledi. S\u0131rbistan Ulusal Grubu formas\u0131n\u0131 da 44 sefer terleten y\u0131ld\u0131z oyuncu bu ma\u00e7larda 11 gol kaydetti.\u00a0<\/p>\n<\/div>\n","protected":false},"excerpt":{"rendered":"<p>Be\u015fikta\u015f Ba\u015fkan\u0131 Serdal Adal\u0131 ile bir ortaya gelen Dusko Tosic, Ciro Immobile&#8217;nin yerine S\u0131rp golc\u00fc Luka Jovic&#8217;i i\u015faret etti. Y\u0131ld\u0131z futbolcunun teklife s\u0131cak bakt\u0131\u011f\u0131 \u00f6\u011frenildi.<\/p>\n","protected":false},"author":1,"featured_media":40553,"comment_status":"open","ping_status":"open","sticky":false,"template":"","format":"standard","meta":{"footnotes":""},"categories":[25],"tags":[],"class_list":["post-40552","post","type-post","status-publish","format-standard","has-post-thumbnail","hentry","category-futbol"],"_links":{"self":[{"href":"https:\/\/haberbesiktas.tr\/index.php?rest_route=\/wp\/v2\/posts\/40552","targetHints":{"allow":["GET"]}}],"collection":[{"href":"https:\/\/haberbesiktas.tr\/index.php?rest_route=\/wp\/v2\/posts"}],"about":[{"href":"https:\/\/haberbesiktas.tr\/index.php?rest_route=\/wp\/v2\/types\/post"}],"author":[{"embeddable":true,"href":"https:\/\/haberbesiktas.tr\/index.php?rest_route=\/wp\/v2\/users\/1"}],"replies":[{"embeddable":true,"href":"https:\/\/haberbesiktas.tr\/index.php?rest_route=%2Fwp%2Fv2%2Fcomments&post=40552"}],"version-history":[{"count":1,"href":"https:\/\/haberbesiktas.tr\/index.php?rest_route=\/wp\/v2\/posts\/40552\/revisions"}],"predecessor-version":[{"id":40554,"href":"https:\/\/haberbesiktas.tr\/index.php?rest_route=\/wp\/v2\/posts\/40552\/revisions\/40554"}],"wp:featuredmedia":[{"embeddable":true,"href":"https:\/\/haberbesiktas.tr\/index.php?rest_route=\/wp\/v2\/media\/40553"}],"wp:attachment":[{"href":"https:\/\/haberbesiktas.tr\/index.php?rest_route=%2Fwp%2Fv2%2Fmedia&parent=40552"}],"wp:term":[{"taxonomy":"category","embeddable":true,"href":"https:\/\/haberbesiktas.tr\/index.php?rest_route=%2Fwp%2Fv2%2Fcategories&post=40552"},{"taxonomy":"post_tag","embeddable":true,"href":"https:\/\/haberbesiktas.tr\/index.php?rest_route=%2Fwp%2Fv2%2Ftags&post=40552"}],"curies":[{"name":"wp","href":"https:\/\/api.w.org\/{rel}","templated":true}]}}