{"id":40558,"date":"2025-06-22T18:48:08","date_gmt":"2025-06-22T18:48:08","guid":{"rendered":"https:\/\/haberbesiktas.tr\/?p=40558"},"modified":"2025-06-22T18:48:08","modified_gmt":"2025-06-22T18:48:08","slug":"fenerbahcede-livakovic-karari-2","status":"publish","type":"post","link":"https:\/\/haberbesiktas.tr\/?p=40558","title":{"rendered":"Fenerbah\u00e7e&#8217;de Livakovic karar\u0131!"},"content":{"rendered":"<div>Fenerbah\u00e7e&#8217;de Dominik Livakovic periyodu sona yakla\u015f\u0131yor. Ge\u00e7ti\u011fimiz d\u00f6nem ba\u015f\u0131nda Dinamo Zagreb&#8217;den 6.65 milyon euro kar\u015f\u0131l\u0131\u011f\u0131nda transfer edilen H\u0131rvat kaleciyle yollar\u0131n ayr\u0131lmas\u0131 g\u00fcndemde.<\/p>\n<p> Ya\u015fad\u0131\u011f\u0131 sakatl\u0131\u011f\u0131n akabinde formas\u0131n\u0131 \u0130rfan Can E\u011fribayat&#8217;a kapt\u0131ran ve bir daha geri alamayan Livakovic&#8217;in teknik heyetin planlar\u0131 d\u0131\u015f\u0131nda kald\u0131\u011f\u0131 tabir ediliyor.<\/p>\n<p><strong>10 M\u0130LYON EURO<\/strong><\/p>\n<p> Sar\u0131-lacivertli idare 30 ya\u015f\u0131ndaki kaleci i\u00e7in gelen teklifleri k\u0131ymetlendirme karar\u0131 ald\u0131.<\/p>\n<p> Fenerbah\u00e7e&#8217;nin Livakovic i\u00e7in talep etti\u011fi bonservis bedeli de belirli oldu. Kul\u00fcp, deneyimli eldivenden en az 10 milyon euro gelir bekliyor.<\/p>\n<\/div>\n","protected":false},"excerpt":{"rendered":"<p>Fenerbah\u00e7e&#8217;de Dominik Livakovic periyodu sona ermek \u00fczere. Ge\u00e7ti\u011fimiz d\u00f6nem ba\u015f\u0131nda Dinamo Zagreb&#8217;den 6.65 milyon euro bonservis bedeliyle tak\u0131ma kat\u0131lan H\u0131rvat file bek\u00e7isiyle yollar\u0131n ayr\u0131lmas\u0131 g\u00fcndeme geldi.<\/p>\n","protected":false},"author":1,"featured_media":40559,"comment_status":"open","ping_status":"open","sticky":false,"template":"","format":"standard","meta":{"footnotes":""},"categories":[25],"tags":[],"class_list":["post-40558","post","type-post","status-publish","format-standard","has-post-thumbnail","hentry","category-futbol"],"_links":{"self":[{"href":"https:\/\/haberbesiktas.tr\/index.php?rest_route=\/wp\/v2\/posts\/40558","targetHints":{"allow":["GET"]}}],"collection":[{"href":"https:\/\/haberbesiktas.tr\/index.php?rest_route=\/wp\/v2\/posts"}],"about":[{"href":"https:\/\/haberbesiktas.tr\/index.php?rest_route=\/wp\/v2\/types\/post"}],"author":[{"embeddable":true,"href":"https:\/\/haberbesiktas.tr\/index.php?rest_route=\/wp\/v2\/users\/1"}],"replies":[{"embeddable":true,"href":"https:\/\/haberbesiktas.tr\/index.php?rest_route=%2Fwp%2Fv2%2Fcomments&post=40558"}],"version-history":[{"count":1,"href":"https:\/\/haberbesiktas.tr\/index.php?rest_route=\/wp\/v2\/posts\/40558\/revisions"}],"predecessor-version":[{"id":40560,"href":"https:\/\/haberbesiktas.tr\/index.php?rest_route=\/wp\/v2\/posts\/40558\/revisions\/40560"}],"wp:featuredmedia":[{"embeddable":true,"href":"https:\/\/haberbesiktas.tr\/index.php?rest_route=\/wp\/v2\/media\/40559"}],"wp:attachment":[{"href":"https:\/\/haberbesiktas.tr\/index.php?rest_route=%2Fwp%2Fv2%2Fmedia&parent=40558"}],"wp:term":[{"taxonomy":"category","embeddable":true,"href":"https:\/\/haberbesiktas.tr\/index.php?rest_route=%2Fwp%2Fv2%2Fcategories&post=40558"},{"taxonomy":"post_tag","embeddable":true,"href":"https:\/\/haberbesiktas.tr\/index.php?rest_route=%2Fwp%2Fv2%2Ftags&post=40558"}],"curies":[{"name":"wp","href":"https:\/\/api.w.org\/{rel}","templated":true}]}}