{"id":40564,"date":"2025-06-22T19:12:05","date_gmt":"2025-06-22T19:12:05","guid":{"rendered":"https:\/\/haberbesiktas.tr\/?p=40564"},"modified":"2025-06-22T19:12:05","modified_gmt":"2025-06-22T19:12:05","slug":"denys-boykodan-yillar-sonra-senol-gunes-itirafi","status":"publish","type":"post","link":"https:\/\/haberbesiktas.tr\/?p=40564","title":{"rendered":"Denys Boyko&#8217;dan y\u0131llar sonra \u015eenol G\u00fcne\u015f itiraf\u0131!"},"content":{"rendered":"<div>\n<p>2015&#8217;TE UEFA Kupas\u0131&#8217;nda finale \u00e7\u0131kan ve b\u00fcy\u00fck s\u00fckse yapan Dnipro&#8217;nun kalecisi olarak Be\u015fikta\u015f&#8217;a gelen Ukraynal\u0131 Denys Boyko, y\u0131llar sonra \u00e7arp\u0131c\u0131 itiraflarda bulundu.\u00a0<\/p>\n<p> <strong>&#8220;\u015eENOL G\u00dcNE\u015e BEN\u0130 UMURSAMIYORDU&#8221;<\/strong><\/p>\n<p> Art\u0131k 37 ya\u015f\u0131nda olan tecr\u00fcbeli isim, Sportua&#8217;ya verdi\u011fi r\u00f6portajda \u015eenol G\u00fcne\u015f&#8217;in kendisini &#8216;umursamad\u0131\u011f\u0131n\u0131&#8217; s\u00f6yledi: &#8220;Be\u015fikta\u015f&#8217;a transferim \u015fahsen Ba\u015fkan&#8217;\u0131n inisiyatifiyle ger\u00e7ekle\u015fti. \u015eenol G\u00fcne\u015f beni hi\u00e7 umursam\u0131yordu. Be\u015fikta\u015f&#8217;\u0131n ma\u00e7\u0131 varken hoca ile g\u00f6r\u00fc\u015fmek istemi\u015ftim lakin mukavele imzalamam istikametinde bask\u0131 yap\u0131ld\u0131. G\u00fcne\u015f, kadrosu haz\u0131rlad\u0131\u011f\u0131n\u0131 ve yeni oyuncularla g\u00f6r\u00fc\u015fmeye vakitlerinin olmad\u0131\u011f\u0131n\u0131 s\u00f6yledi.&#8221;<\/p>\n<p> <strong>&#8220;GEL\u0130P OYNARIM D\u0130YE D\u00dc\u015e\u00dcND\u00dcM&#8221;<\/strong><\/p>\n<p> &#8220;Kaleci Tolga Varl\u0131kl\u0131 o periyot Be\u015fikta\u015f kaptan\u0131yd\u0131, Teknik Y\u00f6neticimiz \u015eenol G\u00fcne\u015f&#8217;le de t\u0131pk\u0131 \u015fehirdendiler ve \u00e7ok d\u00fczg\u00fcn arkada\u015ft\u0131lar. Tek sebep bu de\u011fil, bask\u0131y\u0131 kald\u0131ramad\u0131m. 3.5 y\u0131l Ukrayna y\u0131l\u0131n kalecisi, ulusal ekip oyuncusu ve UEFA madalyam ile geldim. Oynar\u0131m diye d\u00fc\u015f\u00fcnd\u00fcm lakin yedektim. Ekip birinciyken hoca kaleci de\u011fi\u015ftirmedi. Ruhsal olarak geli\u015fime haz\u0131r de\u011fildim. Zira bask\u0131yla ba\u015fa \u00e7\u0131kmama yard\u0131mc\u0131 olacak kimse yoktu etraf\u0131mda. Be\u015fikta\u015f&#8217;ta elime baht ge\u00e7ti\u011finde de\u011ferlendiremedim zira zihinsel olarak \u015fimdi haz\u0131r de\u011fildim. Birinci ma\u00e7\u0131mda da ba\u015f\u0131m yar\u0131ld\u0131 ve 13 diki\u015f at\u0131ld\u0131.&#8221;<\/p>\n<p> <strong>&#8220;BANA \u015eA\u015eKINLIKLA BAKTI&#8221;<\/strong><\/p>\n<p> &#8220;\u015eenol G\u00fcne\u015f ile birka\u00e7 sefer konu\u015fmam\u0131z oldu. Neden yan\u0131na gitti\u011fimi anlamayarak bana \u015fa\u015fk\u0131nl\u0131kla bakt\u0131. Zira bunun kendi karar\u0131 oldu\u011funu ve problemin de bu oldu\u011funu s\u00f6yledi. Beni hi\u00e7 anlamad\u0131, dinlemedi. Art\u0131k onunla konu\u015fmaya gerek yoktu. Tolga&#8217;dan sonra ekibe Fabri de dahil edildi. Anlad\u0131m ki bana hi\u00e7 g\u00fcvenmiyorlar. \u015eampiyonluk ya\u015fand\u0131 ancak benim hayallerim suya d\u00fc\u015ft\u00fc. Kontrat\u0131m b\u00fcy\u00fck olmas\u0131na ve \u015fampiyonlu\u011fa kar\u015f\u0131n menajerime \u00e7abucak ayr\u0131lmak istedi\u011fimi s\u00f6yledim.&#8221;<\/p>\n<\/div>\n","protected":false},"excerpt":{"rendered":"<p>Be\u015fikta\u015f&#8217;\u0131n eski kalecisi Denys Boyko, \u015eenol G\u00fcne\u015f&#8217;in kendisini hi\u00e7 umursamad\u0131\u011f\u0131n\u0131 ve hayallerinin suya d\u00fc\u015ft\u00fc\u011f\u00fcn\u00fc s\u00f6yledi.<\/p>\n","protected":false},"author":1,"featured_media":40565,"comment_status":"open","ping_status":"open","sticky":false,"template":"","format":"standard","meta":{"footnotes":""},"categories":[25],"tags":[71,2121],"class_list":["post-40564","post","type-post","status-publish","format-standard","has-post-thumbnail","hentry","category-futbol","tag-besiktas","tag-senol-gunes"],"_links":{"self":[{"href":"https:\/\/haberbesiktas.tr\/index.php?rest_route=\/wp\/v2\/posts\/40564","targetHints":{"allow":["GET"]}}],"collection":[{"href":"https:\/\/haberbesiktas.tr\/index.php?rest_route=\/wp\/v2\/posts"}],"about":[{"href":"https:\/\/haberbesiktas.tr\/index.php?rest_route=\/wp\/v2\/types\/post"}],"author":[{"embeddable":true,"href":"https:\/\/haberbesiktas.tr\/index.php?rest_route=\/wp\/v2\/users\/1"}],"replies":[{"embeddable":true,"href":"https:\/\/haberbesiktas.tr\/index.php?rest_route=%2Fwp%2Fv2%2Fcomments&post=40564"}],"version-history":[{"count":1,"href":"https:\/\/haberbesiktas.tr\/index.php?rest_route=\/wp\/v2\/posts\/40564\/revisions"}],"predecessor-version":[{"id":40566,"href":"https:\/\/haberbesiktas.tr\/index.php?rest_route=\/wp\/v2\/posts\/40564\/revisions\/40566"}],"wp:featuredmedia":[{"embeddable":true,"href":"https:\/\/haberbesiktas.tr\/index.php?rest_route=\/wp\/v2\/media\/40565"}],"wp:attachment":[{"href":"https:\/\/haberbesiktas.tr\/index.php?rest_route=%2Fwp%2Fv2%2Fmedia&parent=40564"}],"wp:term":[{"taxonomy":"category","embeddable":true,"href":"https:\/\/haberbesiktas.tr\/index.php?rest_route=%2Fwp%2Fv2%2Fcategories&post=40564"},{"taxonomy":"post_tag","embeddable":true,"href":"https:\/\/haberbesiktas.tr\/index.php?rest_route=%2Fwp%2Fv2%2Ftags&post=40564"}],"curies":[{"name":"wp","href":"https:\/\/api.w.org\/{rel}","templated":true}]}}