{"id":40573,"date":"2025-06-22T19:48:06","date_gmt":"2025-06-22T19:48:06","guid":{"rendered":"https:\/\/haberbesiktas.tr\/?p=40573"},"modified":"2025-06-22T19:48:06","modified_gmt":"2025-06-22T19:48:06","slug":"arda-artik-yeni-hocayi-bekliyor","status":"publish","type":"post","link":"https:\/\/haberbesiktas.tr\/?p=40573","title":{"rendered":"Arda art\u0131k yeni hocay\u0131 bekliyor!"},"content":{"rendered":"<div>Real Madrid, La Liga&#8217;da Valencia&#8217;ya alan\u0131nda 1-0 ma\u011flup olurken, hafta i\u00e7i \u015eampiyonlar Ligi \u00e7eyrek final birinci ma\u00e7\u0131nda Arsenal kar\u015f\u0131s\u0131nda da 3-0&#8217;l\u0131k a\u011f\u0131r bir hezimet ald\u0131.<\/p>\n<p> \u0130spanyol bas\u0131n\u0131, bilhassa savunma \u00e7izgisindeki zafiyetleri ele\u015ftirirken, Arsenal ma\u00e7\u0131nda \u0130ngiliz grubu 11 isabetli \u015fut buldu ve rakibinden 12 kilometre daha fazla ko\u015ftu. Ma\u00e7ta top yaln\u0131zca 59 dakika oyunda kald\u0131.<\/p>\n<p> BASKI ALTINDALAR<\/p>\n<p> La Liga&#8217;da puan kaybeden Real Madrid, liderlik yar\u0131\u015f\u0131nda b\u00fcy\u00fck bir avantaj\u0131 ka\u00e7\u0131rd\u0131.<\/p>\n<p> Barcelona&#8217;n\u0131n Real Betis ile berabere kalmas\u0131, fark\u0131n 4 puanda kalmas\u0131n\u0131 sa\u011flad\u0131. Lakin d\u00f6nemin bitimine 8 hafta kala Carlo Ancelotti&#8217;nin grubu bask\u0131 alt\u0131nda.<\/p>\n<p> <strong>TURU GE\u00c7ECEKLER\u0130NE DA\u0130R \u0130NAN\u00c7 AZ<\/strong><\/p>\n<p> Ancelotti idaresindeki Real Madrid, Kral Kupas\u0131&#8217;nda finale y\u00fckselmesine ra\u011fmen hem lig hem Avrupa arenas\u0131nda problemli bir s\u00fcre\u00e7ten ge\u00e7iyor.<\/p>\n<p> Arsenal kar\u015f\u0131s\u0131nda al\u0131nan farkl\u0131 yenilgi sonras\u0131 r\u00f6van\u015f u\u011fra\u015f\u0131 \u00f6ncesi taraftar\u0131n umudu azald\u0131. Yap\u0131lan bir kamuoyu yoklamas\u0131nda Real Madrid taraftarlar\u0131n\u0131n yaln\u0131zca y\u00fczde 4&#8217;\u00fc ekibin tipi ge\u00e7ece\u011fine inan\u0131yor.<\/p>\n<p> <strong>YEN\u0130 HOCASININ KARARINI BEKL\u0130YOR<\/strong><\/p>\n<p> Bu s\u00fcre\u00e7te d\u00f6nem ba\u015f\u0131ndan bu yana forma baht\u0131 bulmakta zorlanan Arda G\u00fcler&#8217;in durumu da g\u00fcndemde. Kral Kupas\u0131&#8217;nda \u00e7e\u015fidi getiren gol\u00fcn asistini yapan gen\u00e7 oyuncu, buna kar\u015f\u0131n bir sonraki m\u00fcsabakada yedek kul\u00fcbesinde kald\u0131.<\/p>\n<p> Teknik y\u00f6netici Ancelotti&#8217;nin yeni d\u00f6nemde grubun ba\u015f\u0131nda kal\u0131p kalmayaca\u011f\u0131 belirsizli\u011fini korurken, Arda G\u00fcler&#8217;in de gelece\u011fi m\u00fcmk\u00fcn teknik y\u00f6netici de\u011fi\u015fikli\u011fine ba\u011fl\u0131 olacak.<\/p>\n<p> Yeni gelecek isim Arda&#8217;y\u0131 tak\u0131mda k\u0131ymetlendirebilir ya da geli\u015fimi i\u00e7in kiral\u0131k g\u00f6nderilmesini talep edebilir.<\/p>\n<p> Real Madrid&#8217;in d\u00f6nem sonundaki performans\u0131, hem teknik heyetin gelece\u011fini hem de gen\u00e7 oyuncular\u0131n mukadderat\u0131n\u0131 belirleyecek.<\/p>\n<\/div>\n","protected":false},"excerpt":{"rendered":"<p>Real Madrid Teknik Y\u00f6neticisi Carlo Ancelotti&#8217;nin az m\u00fcddet verdi\u011fi Arda G\u00fcler, kendi gelece\u011fi i\u00e7in gelecek yeni teknik y\u00f6neticinin karar\u0131n\u0131 bekleyecek.<\/p>\n","protected":false},"author":1,"featured_media":40574,"comment_status":"open","ping_status":"open","sticky":false,"template":"","format":"standard","meta":{"footnotes":""},"categories":[25],"tags":[364],"class_list":["post-40573","post","type-post","status-publish","format-standard","has-post-thumbnail","hentry","category-futbol","tag-real-madrid"],"_links":{"self":[{"href":"https:\/\/haberbesiktas.tr\/index.php?rest_route=\/wp\/v2\/posts\/40573","targetHints":{"allow":["GET"]}}],"collection":[{"href":"https:\/\/haberbesiktas.tr\/index.php?rest_route=\/wp\/v2\/posts"}],"about":[{"href":"https:\/\/haberbesiktas.tr\/index.php?rest_route=\/wp\/v2\/types\/post"}],"author":[{"embeddable":true,"href":"https:\/\/haberbesiktas.tr\/index.php?rest_route=\/wp\/v2\/users\/1"}],"replies":[{"embeddable":true,"href":"https:\/\/haberbesiktas.tr\/index.php?rest_route=%2Fwp%2Fv2%2Fcomments&post=40573"}],"version-history":[{"count":1,"href":"https:\/\/haberbesiktas.tr\/index.php?rest_route=\/wp\/v2\/posts\/40573\/revisions"}],"predecessor-version":[{"id":40575,"href":"https:\/\/haberbesiktas.tr\/index.php?rest_route=\/wp\/v2\/posts\/40573\/revisions\/40575"}],"wp:featuredmedia":[{"embeddable":true,"href":"https:\/\/haberbesiktas.tr\/index.php?rest_route=\/wp\/v2\/media\/40574"}],"wp:attachment":[{"href":"https:\/\/haberbesiktas.tr\/index.php?rest_route=%2Fwp%2Fv2%2Fmedia&parent=40573"}],"wp:term":[{"taxonomy":"category","embeddable":true,"href":"https:\/\/haberbesiktas.tr\/index.php?rest_route=%2Fwp%2Fv2%2Fcategories&post=40573"},{"taxonomy":"post_tag","embeddable":true,"href":"https:\/\/haberbesiktas.tr\/index.php?rest_route=%2Fwp%2Fv2%2Ftags&post=40573"}],"curies":[{"name":"wp","href":"https:\/\/api.w.org\/{rel}","templated":true}]}}