{"id":40576,"date":"2025-06-22T20:00:07","date_gmt":"2025-06-22T20:00:07","guid":{"rendered":"https:\/\/haberbesiktas.tr\/?p=40576"},"modified":"2025-06-22T20:00:07","modified_gmt":"2025-06-22T20:00:07","slug":"solskjaerin-savunmaya-tek-cozumu-onur-bulut","status":"publish","type":"post","link":"https:\/\/haberbesiktas.tr\/?p=40576","title":{"rendered":"Solskjaer&#8217;in savunmaya tek \u00e7\u00f6z\u00fcm\u00fc: Onur Bulut!"},"content":{"rendered":"<p>Trendyol \u00dcst\u00fcn Lig&#8217;in 31. haftas\u0131nda alan\u0131nda Ba\u015fak\u015fehir&#8217;i konuk edecek olan Be\u015fikta\u015f&#8217;ta savunma \u00e7izgisi alarm veriyor.<\/p>\n<p> Siyah-beyazl\u0131 grupta ya\u015fanan sakatl\u0131klar ve cezalar nedeniyle teknik y\u00f6netici Ole Gunnar Solskjaer&#8217;in stoperde s\u00fcrpriz bir tercihe y\u00f6nelmesi bekleniyor.<\/p>\n<p> Ge\u00e7ti\u011fimiz hafta Kas\u0131mpa\u015fa kar\u015f\u0131s\u0131nda Emirhan Top\u00e7u sakatl\u0131k ya\u015farken, Tayyip Talha Sanu\u00e7 g\u00f6rd\u00fc\u011f\u00fc k\u0131rm\u0131z\u0131 kartla cezal\u0131 duruma d\u00fc\u015ft\u00fc. Kul\u00fcpten yap\u0131lan a\u00e7\u0131klamada, Emirhan&#8217;\u0131n uyluk \u00fcst adalesinde gerilme ve \u00f6dem tespit edildi\u011fi bildirildi. Ayr\u0131yeten Felix Uduokhai ve Bakhtiyor Zaynutdinov&#8217;un da sakatl\u0131klar\u0131 devam ediyor.<\/p>\n<p> Bu geli\u015fmeler sonras\u0131, Solskjaer&#8217;in Gabriel Paulista&#8217;n\u0131n partneri olarak stoperde Onur Bulut&#8217;u g\u00f6revlendirebilece\u011fi belirtildi.<\/p>\n<div>\u00a0<\/div>\n","protected":false},"excerpt":{"rendered":"<p>Ba\u015fak\u015fehir ma\u00e7\u0131 \u00f6ncesi savunmada eksikleri artan Be\u015fikta\u015f&#8217;ta, teknik y\u00f6netici Ole Gunnar Solskjaer&#8217;in Onur Bulut&#8217;u stoperde oynatmas\u0131 bekleniyor.<\/p>\n","protected":false},"author":1,"featured_media":40577,"comment_status":"open","ping_status":"open","sticky":false,"template":"","format":"standard","meta":{"footnotes":""},"categories":[25],"tags":[],"class_list":["post-40576","post","type-post","status-publish","format-standard","has-post-thumbnail","hentry","category-futbol"],"_links":{"self":[{"href":"https:\/\/haberbesiktas.tr\/index.php?rest_route=\/wp\/v2\/posts\/40576","targetHints":{"allow":["GET"]}}],"collection":[{"href":"https:\/\/haberbesiktas.tr\/index.php?rest_route=\/wp\/v2\/posts"}],"about":[{"href":"https:\/\/haberbesiktas.tr\/index.php?rest_route=\/wp\/v2\/types\/post"}],"author":[{"embeddable":true,"href":"https:\/\/haberbesiktas.tr\/index.php?rest_route=\/wp\/v2\/users\/1"}],"replies":[{"embeddable":true,"href":"https:\/\/haberbesiktas.tr\/index.php?rest_route=%2Fwp%2Fv2%2Fcomments&post=40576"}],"version-history":[{"count":1,"href":"https:\/\/haberbesiktas.tr\/index.php?rest_route=\/wp\/v2\/posts\/40576\/revisions"}],"predecessor-version":[{"id":40578,"href":"https:\/\/haberbesiktas.tr\/index.php?rest_route=\/wp\/v2\/posts\/40576\/revisions\/40578"}],"wp:featuredmedia":[{"embeddable":true,"href":"https:\/\/haberbesiktas.tr\/index.php?rest_route=\/wp\/v2\/media\/40577"}],"wp:attachment":[{"href":"https:\/\/haberbesiktas.tr\/index.php?rest_route=%2Fwp%2Fv2%2Fmedia&parent=40576"}],"wp:term":[{"taxonomy":"category","embeddable":true,"href":"https:\/\/haberbesiktas.tr\/index.php?rest_route=%2Fwp%2Fv2%2Fcategories&post=40576"},{"taxonomy":"post_tag","embeddable":true,"href":"https:\/\/haberbesiktas.tr\/index.php?rest_route=%2Fwp%2Fv2%2Ftags&post=40576"}],"curies":[{"name":"wp","href":"https:\/\/api.w.org\/{rel}","templated":true}]}}