{"id":40579,"date":"2025-06-22T20:12:08","date_gmt":"2025-06-22T20:12:08","guid":{"rendered":"https:\/\/haberbesiktas.tr\/?p=40579"},"modified":"2025-06-22T20:12:08","modified_gmt":"2025-06-22T20:12:08","slug":"serdal-adalidan-birlik-cagrisi","status":"publish","type":"post","link":"https:\/\/haberbesiktas.tr\/?p=40579","title":{"rendered":"Serdal Adal\u0131&#8217;dan birlik \u00e7a\u011fr\u0131s\u0131!"},"content":{"rendered":"<div> Be\u015fikta\u015f&#8217;\u0131n bulundu\u011fu finansal durum, y\u00f6netilemez boyutlara ula\u015f\u0131yor. <\/p>\n<p>Siyah-Beyazl\u0131lar&#8217;\u0131n ba\u015fkan\u0131 Serdal Adal\u0131 y\u00f6netimi enkaz devrald\u0131. Adal\u0131 ve tak\u0131m\u0131, misyona geldi\u011fi g\u00fcnden beri, siyah-beyazl\u0131 kul\u00fcbe her t\u00fcrl\u00fc kasa kolayl\u0131\u011f\u0131n\u0131 g\u00f6sterdi.<\/p>\n<p> Lakin b\u0131\u00e7ak kemi\u011fe dayand\u0131. Be\u015fikta\u015f yaln\u0131zca birlik olursa kurtulabilir. Adal\u0131, sal\u0131 g\u00fcn\u00fc yap\u0131lan idare toplant\u0131s\u0131nda kul\u00fcb\u00fcn i\u00e7inde bulundu\u011fu maddi durumu masaya yat\u0131rd\u0131.<\/p>\n<p> <strong>&#8220;HERKES TA\u015eIN ALTINA EL\u0130N\u0130 KOYSUN&#8221;<\/strong><\/p>\n<p>UEFA Finansal Fair Play kurallar\u0131na ahenk, futbolcu alacaklar\u0131 \u00f6nemli bir sorun. Lider Adal\u0131, cumartesi g\u00fcn\u00fc yap\u0131lacak Divan Kurulu toplant\u0131s\u0131nda \u00fcyelere durumu anlatacak ve \u015fu \u00e7a\u011fr\u0131y\u0131 yapacak: <strong>&#8220;Herkes art\u0131k ta\u015f\u0131n alt\u0131na elini koysun. Bir tane Be\u015fikta\u015f var. Gelin daima bir arada Be\u015fikta\u015f&#8217;\u0131 krizden \u00e7\u0131karal\u0131m. \u00dczerinize d\u00fc\u015feni yap\u0131n.&#8221;\u00a0<\/strong><\/p>\n<div>\u00a0<\/div>\n<div>\u00a0<\/div>\n<\/p><\/div>\n<div>\u00a0<\/div>\n","protected":false},"excerpt":{"rendered":"<p>Be\u015fikta\u015f Ba\u015fkan\u0131 Serdal Adal\u0131, 12 Nisan cumartesi g\u00fcn\u00fc yap\u0131lacak Divan Kurulu toplant\u0131s\u0131nda topluluktan takviye isteyecek.<\/p>\n","protected":false},"author":1,"featured_media":40580,"comment_status":"open","ping_status":"open","sticky":false,"template":"","format":"standard","meta":{"footnotes":""},"categories":[25],"tags":[],"class_list":["post-40579","post","type-post","status-publish","format-standard","has-post-thumbnail","hentry","category-futbol"],"_links":{"self":[{"href":"https:\/\/haberbesiktas.tr\/index.php?rest_route=\/wp\/v2\/posts\/40579","targetHints":{"allow":["GET"]}}],"collection":[{"href":"https:\/\/haberbesiktas.tr\/index.php?rest_route=\/wp\/v2\/posts"}],"about":[{"href":"https:\/\/haberbesiktas.tr\/index.php?rest_route=\/wp\/v2\/types\/post"}],"author":[{"embeddable":true,"href":"https:\/\/haberbesiktas.tr\/index.php?rest_route=\/wp\/v2\/users\/1"}],"replies":[{"embeddable":true,"href":"https:\/\/haberbesiktas.tr\/index.php?rest_route=%2Fwp%2Fv2%2Fcomments&post=40579"}],"version-history":[{"count":1,"href":"https:\/\/haberbesiktas.tr\/index.php?rest_route=\/wp\/v2\/posts\/40579\/revisions"}],"predecessor-version":[{"id":40581,"href":"https:\/\/haberbesiktas.tr\/index.php?rest_route=\/wp\/v2\/posts\/40579\/revisions\/40581"}],"wp:featuredmedia":[{"embeddable":true,"href":"https:\/\/haberbesiktas.tr\/index.php?rest_route=\/wp\/v2\/media\/40580"}],"wp:attachment":[{"href":"https:\/\/haberbesiktas.tr\/index.php?rest_route=%2Fwp%2Fv2%2Fmedia&parent=40579"}],"wp:term":[{"taxonomy":"category","embeddable":true,"href":"https:\/\/haberbesiktas.tr\/index.php?rest_route=%2Fwp%2Fv2%2Fcategories&post=40579"},{"taxonomy":"post_tag","embeddable":true,"href":"https:\/\/haberbesiktas.tr\/index.php?rest_route=%2Fwp%2Fv2%2Ftags&post=40579"}],"curies":[{"name":"wp","href":"https:\/\/api.w.org\/{rel}","templated":true}]}}