{"id":40585,"date":"2025-06-22T20:36:08","date_gmt":"2025-06-22T20:36:08","guid":{"rendered":"https:\/\/haberbesiktas.tr\/?p=40585"},"modified":"2025-06-22T20:36:08","modified_gmt":"2025-06-22T20:36:08","slug":"galatasaraydan-tffye-cikarma","status":"publish","type":"post","link":"https:\/\/haberbesiktas.tr\/?p=40585","title":{"rendered":"Galatasaray&#8217;dan TFF&#8217;ye \u00e7\u0131karma!"},"content":{"rendered":"<div>Fenerbah\u00e7e derbisinde ya\u015fanan olaylar sonras\u0131 Galatasaray&#8217;da Bar\u0131\u015f Alper Y\u0131lmaz ile Kerem Demirbay 1&#8217;er ma\u00e7 ceza ald\u0131.<\/p>\n<p> Sar\u0131-k\u0131rm\u0131z\u0131l\u0131lar, Profesyonel Futbol Disiplin \u015euras\u0131&#8217;n\u0131n (PFDK) verdi\u011fi kararlar sonras\u0131 harekete ge\u00e7ti.<\/p>\n<p> Galatasaray idaresi,<strong> Bar\u0131\u015f Alper Y\u0131lmaz<\/strong> ve <strong>Kerem Demirbay<\/strong>&#8216;a verilen cezalara itiraz edecek.<\/p>\n<p> Cezalar\u0131n onanmas\u0131 halinde iki futbolcu, Ziraat T\u00fcrkiye Kupas\u0131 yar\u0131 finalindeki T\u00dcMOSAN Konyaspor ma\u00e7\u0131nda forma giyemeyecek.\u00a0\u00a0<\/p>\n<div>\u00a0<\/div>\n<\/div>\n<p><\/p>\n","protected":false},"excerpt":{"rendered":"<p>Galatasaray, PFDK&#8217;n\u0131n verdi\u011fi kararlar sonras\u0131 Bar\u0131\u015f Alper Y\u0131lmaz ve Kerem Demirbay&#8217;a verilen cezalara itiraz edecek.<\/p>\n","protected":false},"author":1,"featured_media":40586,"comment_status":"open","ping_status":"open","sticky":false,"template":"","format":"standard","meta":{"footnotes":""},"categories":[25],"tags":[],"class_list":["post-40585","post","type-post","status-publish","format-standard","has-post-thumbnail","hentry","category-futbol"],"_links":{"self":[{"href":"https:\/\/haberbesiktas.tr\/index.php?rest_route=\/wp\/v2\/posts\/40585","targetHints":{"allow":["GET"]}}],"collection":[{"href":"https:\/\/haberbesiktas.tr\/index.php?rest_route=\/wp\/v2\/posts"}],"about":[{"href":"https:\/\/haberbesiktas.tr\/index.php?rest_route=\/wp\/v2\/types\/post"}],"author":[{"embeddable":true,"href":"https:\/\/haberbesiktas.tr\/index.php?rest_route=\/wp\/v2\/users\/1"}],"replies":[{"embeddable":true,"href":"https:\/\/haberbesiktas.tr\/index.php?rest_route=%2Fwp%2Fv2%2Fcomments&post=40585"}],"version-history":[{"count":1,"href":"https:\/\/haberbesiktas.tr\/index.php?rest_route=\/wp\/v2\/posts\/40585\/revisions"}],"predecessor-version":[{"id":40587,"href":"https:\/\/haberbesiktas.tr\/index.php?rest_route=\/wp\/v2\/posts\/40585\/revisions\/40587"}],"wp:featuredmedia":[{"embeddable":true,"href":"https:\/\/haberbesiktas.tr\/index.php?rest_route=\/wp\/v2\/media\/40586"}],"wp:attachment":[{"href":"https:\/\/haberbesiktas.tr\/index.php?rest_route=%2Fwp%2Fv2%2Fmedia&parent=40585"}],"wp:term":[{"taxonomy":"category","embeddable":true,"href":"https:\/\/haberbesiktas.tr\/index.php?rest_route=%2Fwp%2Fv2%2Fcategories&post=40585"},{"taxonomy":"post_tag","embeddable":true,"href":"https:\/\/haberbesiktas.tr\/index.php?rest_route=%2Fwp%2Fv2%2Ftags&post=40585"}],"curies":[{"name":"wp","href":"https:\/\/api.w.org\/{rel}","templated":true}]}}