{"id":40588,"date":"2025-06-22T20:48:09","date_gmt":"2025-06-22T20:48:09","guid":{"rendered":"https:\/\/haberbesiktas.tr\/?p=40588"},"modified":"2025-06-22T20:48:09","modified_gmt":"2025-06-22T20:48:09","slug":"ole-gunnar-solskjaer-dusunceli","status":"publish","type":"post","link":"https:\/\/haberbesiktas.tr\/?p=40588","title":{"rendered":"Ole Gunnar Solskjaer d\u00fc\u015f\u00fcnceli"},"content":{"rendered":"<div>\n<p>Be\u015fikta\u015f, S\u00fcper Lig&#8217;de Cumartesi g\u00fcn\u00fc oynayaca\u011f\u0131 Ba\u015fak\u015fehir ma\u00e7\u0131n\u0131 galip kazanarak 3. l\u00fck yar\u0131\u015f\u0131nda avantaj elde etmek istiyor.<\/p>\n<p> Lakin son 3 m\u00fcsabakada 1 galibiyet alabilen siyah-beyazl\u0131larda, bilhassa stoperdeki eksiklikler \u015fiddetli ma\u00e7 \u00f6ncesi teknik heyeti g\u00fc\u00e7 durumda b\u0131rakt\u0131.<\/p>\n<p> D\u00f6nemi kapatan Felix Uduokhai&#8217;nin yan\u0131 s\u0131ra, Kas\u0131mpa\u015fa ma\u00e7\u0131nda Tayyip Talha Sanu\u00e7&#8217;un k\u0131rm\u0131z\u0131 kart g\u00f6rmesi ve Emirhan Top\u00e7u&#8217;nun sakatlanmas\u0131 Teknik Y\u00f6netici Ole Gunnar Solskjaer&#8217;i d\u00fc\u015f\u00fcnd\u00fcr\u00fcyor.\u00a0<\/p>\n<p> <strong>PAULISTA-HADZIAHMETOVIC\u00a0<\/strong><\/p>\n<p> Be\u015fikta\u015f altyap\u0131s\u0131nda yeti\u015fen ve uzun y\u0131llard\u0131r siyah beyazl\u0131 formay\u0131 giyen Necip Uysal&#8217;\u0131n idman eksikli\u011fi, Bakhtiyor Zaynutdinov&#8217;un da \u015fimdi iyile\u015fememesi eklenince g\u00f6zler stoperde tek kalan Gabriel Paulista&#8217;ya \u00e7evrildi.\u00a0<\/p>\n<p> Norve\u00e7li \u00e7al\u0131\u015ft\u0131r\u0131c\u0131, savunma tandemini Paulista&#8217;n\u0131n yan\u0131na Amir Hadziahmetovic ya da Onur&#8217;a vazife verebilece\u011fi bildirildi. Necip&#8217;in yan\u0131 s\u0131ra U19 kadrosundan gen\u00e7 bir stoperin ma\u00e7 tak\u0131m\u0131na al\u0131nabilece\u011fi de s\u00f6z edildi.\u00a0<\/p>\n<\/div>\n<p><\/p>\n","protected":false},"excerpt":{"rendered":"<p>Be\u015fikta\u015f&#8217;ta sakat ve cezal\u0131 say\u0131s\u0131n\u0131n \u00e7oklu\u011fu nedeniyle stoperde oynayacak futbolcu kalmamas\u0131 Norve\u00e7li teknik adam Ole Gunnar Solskjaer&#8217;i kara kara d\u00fc\u015f\u00fcnd\u00fcr\u00fcyor.<\/p>\n","protected":false},"author":1,"featured_media":40589,"comment_status":"open","ping_status":"open","sticky":false,"template":"","format":"standard","meta":{"footnotes":""},"categories":[25],"tags":[],"class_list":["post-40588","post","type-post","status-publish","format-standard","has-post-thumbnail","hentry","category-futbol"],"_links":{"self":[{"href":"https:\/\/haberbesiktas.tr\/index.php?rest_route=\/wp\/v2\/posts\/40588","targetHints":{"allow":["GET"]}}],"collection":[{"href":"https:\/\/haberbesiktas.tr\/index.php?rest_route=\/wp\/v2\/posts"}],"about":[{"href":"https:\/\/haberbesiktas.tr\/index.php?rest_route=\/wp\/v2\/types\/post"}],"author":[{"embeddable":true,"href":"https:\/\/haberbesiktas.tr\/index.php?rest_route=\/wp\/v2\/users\/1"}],"replies":[{"embeddable":true,"href":"https:\/\/haberbesiktas.tr\/index.php?rest_route=%2Fwp%2Fv2%2Fcomments&post=40588"}],"version-history":[{"count":1,"href":"https:\/\/haberbesiktas.tr\/index.php?rest_route=\/wp\/v2\/posts\/40588\/revisions"}],"predecessor-version":[{"id":40590,"href":"https:\/\/haberbesiktas.tr\/index.php?rest_route=\/wp\/v2\/posts\/40588\/revisions\/40590"}],"wp:featuredmedia":[{"embeddable":true,"href":"https:\/\/haberbesiktas.tr\/index.php?rest_route=\/wp\/v2\/media\/40589"}],"wp:attachment":[{"href":"https:\/\/haberbesiktas.tr\/index.php?rest_route=%2Fwp%2Fv2%2Fmedia&parent=40588"}],"wp:term":[{"taxonomy":"category","embeddable":true,"href":"https:\/\/haberbesiktas.tr\/index.php?rest_route=%2Fwp%2Fv2%2Fcategories&post=40588"},{"taxonomy":"post_tag","embeddable":true,"href":"https:\/\/haberbesiktas.tr\/index.php?rest_route=%2Fwp%2Fv2%2Ftags&post=40588"}],"curies":[{"name":"wp","href":"https:\/\/api.w.org\/{rel}","templated":true}]}}