{"id":4076,"date":"2025-01-16T15:18:42","date_gmt":"2025-01-16T15:18:42","guid":{"rendered":"https:\/\/haberbesiktas.tr\/?p=4076"},"modified":"2025-01-16T15:18:42","modified_gmt":"2025-01-16T15:18:42","slug":"erden-timur-ali-kocu-dusunmuyorum","status":"publish","type":"post","link":"https:\/\/haberbesiktas.tr\/?p=4076","title":{"rendered":"Erden Timur: &#8220;Ali Ko\u00e7&#8217;u d\u00fc\u015f\u00fcnm\u00fcyorum&#8221;"},"content":{"rendered":"<div>Galatasaray&#8217;\u0131n eski y\u00f6neticilerinden Erden Timur, konuk oldu\u011fu programda Ali Ko\u00e7 ile ilgili y\u00f6neltilen sorular\u0131 yan\u0131tlad\u0131.<\/p>\n<p><strong>Soru: &#8220;Ali Ko\u00e7 ile m\u00fcnasebetinizi nas\u0131l tan\u0131m edersiniz?&#8221;<\/strong><br \/> <strong>&#8211; Erden Timur:<\/strong> &#8220;\u0130lk ba\u015ftaki &#8216;Ne para harcad\u0131n be&#8217; k\u0131sm\u0131nda, be\u015ferler \u015fey yapmak i\u00e7in s\u00f6yledi dedi, ben de &#8216;art niyetli telaffuz de\u011fil&#8217; dedim. Ben daima insanlara g\u00fcvenerek ba\u015fl\u0131yorum. G\u00fczel insan dediklerimi be\u015ferler daima sorgular. Tutturma y\u00fczdem d\u00fc\u015f\u00fckt\u00fcr. Ben daima \u00e7ok yeterli insan derim, y\u00fczde 90 yan\u0131l\u0131r\u0131m. \u015eundan \u00f6t\u00fcr\u00fc oldu asl\u0131nda, maalesef bizim Galatasaray siyaseti de har\u0131l har\u0131l \u00e7al\u0131\u015f\u0131r. Bizde y\u00fczde 1 milyonu iftira olan dedikodular, bu sefer o taraftan&#8230; Erden&#8217;e vurmak \u00e7ok kolay de\u011fildi, taraftar yans\u0131s\u0131 falan. Buradan siyaset falan. Onlar\u0131n ger\u00e7ek oldu\u011funu d\u00fc\u015f\u00fcnd\u00fc\u011f\u00fcn\u00fc d\u00fc\u015f\u00fcn\u00fcyorum.&#8221; yorumunu yapt\u0131.<\/p>\n<p><span><strong>&#8220;ORTAMIN YUMU\u015eAMASI \u0130\u00c7\u0130N \u00c7OK \u00c7ABALADIM&#8221;<\/strong><\/span><\/p>\n<p>Futbol ortam\u0131 hakk\u0131nda konu\u015fan Timur, &#8220;Ki\u015fisel olarak \u00e7ok efor g\u00f6sterdim, futbol ortam\u0131n\u0131n yumu\u015famas\u0131 i\u00e7in. Bize \u00f6\u011fretilen ne olursa olsun, k\u00f6t\u00fcl\u00fck de yap\u0131lsa yanl\u0131\u015fs\u0131z davran diye \u00f6\u011fretildi. Ben tasavvufla ilgileniyorum, beceremedi\u011fim bir s\u00fcr\u00fc taraf\u0131 oluyor lakin beni en \u00e7ok motive eden \u015fey, biz de daha fazla gerersek millet birbirini \u00f6ld\u00fcrecek.&#8221; a\u00e7\u0131klamas\u0131n\u0131 yapt\u0131.<\/p>\n<p><span><strong>&#8220;EN AZ KONU\u015eAN BEN\u0130M&#8221;<\/strong><\/span><\/p>\n<p>Konu\u015fmalar\u0131 hakk\u0131nda a\u00e7\u0131klamalar yapan Erden Timur, &#8220;Toplam 14 kez konu\u015ftum, 5-6&#8217;s\u0131 hakemle ilgili, geri kalan transfer, \u015fu bu falan. Kendi konumumda bulunan Galatasaray&#8217;da, 20-30 y\u0131ld\u0131r en az konu\u015fan \u015fah\u0131s\u0131m. 6-7&#8217;de 1 konu\u015fmu\u015fum.&#8221; dedi.<\/p>\n<p><span><strong>&#8220;AL\u0130 KO\u00c7&#8217;U D\u00dc\u015e\u00dcNM\u00dcYORUM&#8221;<\/strong><\/span><\/p>\n<p><strong>Soru: &#8220;Geceleri yatarken Ali Ko\u00e7&#8217;u d\u00fc\u015f\u00fcn\u00fcyor musunuz? &#8216;Gece yatarken beni d\u00fc\u015f\u00fcn&#8217; demi\u015fti Ali Ko\u00e7.&#8221;<\/strong><\/p>\n<p>Erden Timur: &#8220;Hay\u0131r. Icardi&#8217;yi d\u00fc\u015f\u00fcn\u00fcyorum. Bazen Torreira. D\u00fc\u015f\u00fcnm\u00fcyorum al\u0131\u015f\u0131lm\u0131\u015f ki&#8230;&#8221;<\/p>\n<\/div>\n","protected":false},"excerpt":{"rendered":"<p>Galatasaray&#8217;\u0131n eski sportif A\u015e Lider Vekili Erden Timur, TV 100&#8217;de kat\u0131ld\u0131\u011f\u0131 programda Ali Ko\u00e7 hakk\u0131nda sorulan sorulara cevap verdi.<\/p>\n","protected":false},"author":1,"featured_media":4077,"comment_status":"open","ping_status":"open","sticky":false,"template":"","format":"standard","meta":{"footnotes":""},"categories":[25],"tags":[287,553,552],"class_list":["post-4076","post","type-post","status-publish","format-standard","has-post-thumbnail","hentry","category-futbol","tag-ali-koc","tag-erden","tag-insan"],"_links":{"self":[{"href":"https:\/\/haberbesiktas.tr\/index.php?rest_route=\/wp\/v2\/posts\/4076","targetHints":{"allow":["GET"]}}],"collection":[{"href":"https:\/\/haberbesiktas.tr\/index.php?rest_route=\/wp\/v2\/posts"}],"about":[{"href":"https:\/\/haberbesiktas.tr\/index.php?rest_route=\/wp\/v2\/types\/post"}],"author":[{"embeddable":true,"href":"https:\/\/haberbesiktas.tr\/index.php?rest_route=\/wp\/v2\/users\/1"}],"replies":[{"embeddable":true,"href":"https:\/\/haberbesiktas.tr\/index.php?rest_route=%2Fwp%2Fv2%2Fcomments&post=4076"}],"version-history":[{"count":1,"href":"https:\/\/haberbesiktas.tr\/index.php?rest_route=\/wp\/v2\/posts\/4076\/revisions"}],"predecessor-version":[{"id":4078,"href":"https:\/\/haberbesiktas.tr\/index.php?rest_route=\/wp\/v2\/posts\/4076\/revisions\/4078"}],"wp:featuredmedia":[{"embeddable":true,"href":"https:\/\/haberbesiktas.tr\/index.php?rest_route=\/wp\/v2\/media\/4077"}],"wp:attachment":[{"href":"https:\/\/haberbesiktas.tr\/index.php?rest_route=%2Fwp%2Fv2%2Fmedia&parent=4076"}],"wp:term":[{"taxonomy":"category","embeddable":true,"href":"https:\/\/haberbesiktas.tr\/index.php?rest_route=%2Fwp%2Fv2%2Fcategories&post=4076"},{"taxonomy":"post_tag","embeddable":true,"href":"https:\/\/haberbesiktas.tr\/index.php?rest_route=%2Fwp%2Fv2%2Ftags&post=4076"}],"curies":[{"name":"wp","href":"https:\/\/api.w.org\/{rel}","templated":true}]}}