{"id":40761,"date":"2025-06-23T08:00:07","date_gmt":"2025-06-23T08:00:07","guid":{"rendered":"https:\/\/haberbesiktas.tr\/?p=40761"},"modified":"2025-06-23T08:00:07","modified_gmt":"2025-06-23T08:00:07","slug":"15li-ragbi-erkek-milli-takimi-sirbistan-karsisinda-galibiyet-pesinde","status":"publish","type":"post","link":"https:\/\/haberbesiktas.tr\/?p=40761","title":{"rendered":"15&#8217;li Ragbi Erkek Milli Tak\u0131m\u0131, S\u0131rbistan kar\u015f\u0131s\u0131nda galibiyet pe\u015finde"},"content":{"rendered":"<div> 15&#8217;li Ragbi Erkek Ulusal Grubu, Avrupa Konferans Ligi C Grubu&#8217;ndaki \u00fc\u00e7\u00fcnc\u00fc ve son ma\u00e7\u0131nda 12 Nisan Cumartesi g\u00fcn\u00fc \u0130stanbul&#8217;da S\u0131rbistan&#8217;\u0131 konuk edecek.<\/p>\n<p> T\u00fcrkiye Ragbi Federasyonu Lider Nahit \u015eahin, 15&#8217;li Ragbi Erkek Ulusal Ekibi Ba\u015fantren\u00f6r\u00fc Laurent Boulet ve ekip kaptan\u0131 Mert Zabc\u0131, bu m\u00fcsabaka \u00f6ncesi Burhan Felek Kamp Merkezi&#8217;nde AA muhabirine a\u00e7\u0131klamalarda bulundu.<\/p>\n<p> Trophy Ligi&#8217;ne \u00e7\u0131kmak i\u00e7in play-off oynamay\u0131 hedeflediklerini belirten \u015eahin, &#8220;Avrupa Konferans Ligi C Grubu&#8217;nday\u0131z. Bir galibiyetimiz bir yenilgimiz var. Son ma\u00e7\u0131m\u0131za \u00e7\u0131k\u0131yoruz. Burada amac\u0131m\u0131z en az 50 say\u0131 ile rakibimizi yenmek. Ekip bunun \u015fuurunda. Bulgaristan&#8217;\u0131n da Moldova&#8217;y\u0131 yenmesini bekleyece\u011fiz. Bu t\u00fcrl\u00fc bir durumda ekibimiz bir \u00fcst lige, yani Trophy Ligi&#8217;ne \u00e7\u0131kmak i\u00e7in play-off oynayacak. Kar\u015f\u0131la\u015fmalarda galibiyet her vakit kelam konusu olmuyor. \u00c7al\u0131\u015f\u0131yoruz lakin ma\u00e7 alanda bitiyor. Bazen olumsuz durumlarla kar\u015f\u0131la\u015fabiliyoruz. \u0130n\u015fallah istedi\u011fimiz \u00fczere olacak.&#8221; diye konu\u015ftu.<\/p>\n<p> Tarihlerinin en yeterli tak\u0131m\u0131na sahip olduklar\u0131n\u0131 vurgulayan \u015eahin, &#8220;Cumartesi g\u00fcn\u00fc S\u0131rbistan kar\u015f\u0131s\u0131nda bunu g\u00f6stermek istiyoruz. Atletlerimiz kendi liglerinde haz\u0131rl\u0131klar\u0131n\u0131 tamamlad\u0131lar. Bizim haz\u0131rl\u0131klar\u0131m\u0131z da 6 g\u00fcnd\u00fcr devam ediyor. Burada kadronun oryantasyonu ger\u00e7ekle\u015fiyor. Cumartesi g\u00fcn\u00fc de kadronun haz\u0131r olaca\u011f\u0131 bilgisini hocalar\u0131m\u0131zdan ald\u0131k. Hepsi \u00e7ok h\u0131rsl\u0131. Seyircimiz \u00f6n\u00fcnde \u00fclkemiz ismine ho\u015f bir galibiyet kazanmay\u0131 hedefliyoruz.&#8221; a\u00e7\u0131klamas\u0131nda bulundu.<\/p>\n<p> Ragbi sporuna olan ilginin her sene katlanarak artt\u0131\u011f\u0131n\u0131 vurgulayan \u015eahin, \u015funlar\u0131 s\u00f6yledi:<\/p>\n<p> &#8220;Ragbi sporu \u00fclkemizde yakla\u015f\u0131k 15-16 y\u0131ld\u0131r yap\u0131l\u0131yor. Federasyon olarak bu sene 25. y\u0131l\u0131m\u0131z\u0131 kutlayaca\u011f\u0131z. B\u00fcnyesinde 9 tane farkl\u0131 bran\u015f\u0131 bar\u0131nd\u0131ran, bunlar\u0131n 7&#8217;sinin olimpik oldu\u011fu bir federasyonuz. Ragbi bran\u015f\u0131nda okul sporlar\u0131nda ve ana ligde yay\u0131lm\u0131\u015f durumday\u0131z. \u00d6rne\u011fin 2023 y\u0131l\u0131nda 4500 olan okul sporlar\u0131 \u00f6\u011frenci say\u0131m\u0131z 2024 y\u0131l\u0131nda 9247&#8217;ye \u00e7\u0131kt\u0131. Y\u00fczde 100 art\u0131\u015fla gidiyoruz ve bu sene daha da fazla olaca\u011f\u0131n\u0131 d\u00fc\u015f\u00fcn\u00fcyoruz. Her sene b\u00fcy\u00fcyerek devam ediyoruz. Amac\u0131m\u0131z ola\u011fan ki olimpiyatlar. S\u0131k\u0131 bir \u00e7al\u0131\u015fmayla k\u0131sa vadede 2028 olimpiyatlar\u0131n\u0131 hedefliyoruz fakat umuyoruz ki 2032, 2036 y\u0131llar\u0131nda da atletlerimizi izleyebilece\u011fiz.&#8221;<\/p>\n<p> <strong>&#8211; Boulet: &#8220;\u00d6nceki ma\u00e7lar\u0131 \u00e7ok d\u00fc\u015f\u00fcnm\u00fcyoruz, amac\u0131m\u0131za odaklanm\u0131\u015f durumday\u0131z&#8221;<\/strong><\/p>\n<p> 15&#8217;li Ragbi Ulusal Ekibi Ba\u015fantren\u00f6r\u00fc Laurent Boulet, S\u0131rbistan&#8217;\u0131n zay\u0131f noktalar\u0131 \u00fczerine odakland\u0131klar\u0131n\u0131 ve ba\u015far\u0131l\u0131 olacaklar\u0131na inand\u0131\u011f\u0131n\u0131 aktard\u0131.<\/p>\n<p> Taktiksel \u00e7al\u0131\u015fmalar yapt\u0131klar\u0131n\u0131 lisana getiren Frans\u0131z \u00e7al\u0131\u015ft\u0131r\u0131c\u0131, &#8220;Haz\u0131rl\u0131klar\u0131m\u0131z pazar g\u00fcn\u00fc ba\u015flad\u0131. Her g\u00fcn \u00fcst\u00fcne koyarak devam ettik. \u015eu anda da S\u0131rbistan&#8217;\u0131n zay\u0131f noktalar\u0131 \u00fczerine odakland\u0131k, taktik \u00e7al\u0131\u015f\u0131yoruz. Ba\u015far\u0131l\u0131 olaca\u011f\u0131m\u0131za inan\u0131yoruz. \u00d6ncelikli maksad\u0131m\u0131z ma\u00e7\u0131 bonus say\u0131 alarak kapatmak ve play-off&#8217;a kalmak. Sonras\u0131nda Moldova&#8217;n\u0131n Bulgaristan&#8217;a yenilmesini bekleyece\u011fiz. Evvelki ma\u00e7lar\u0131 \u00e7ok d\u00fc\u015f\u00fcnm\u00fcyoruz, amac\u0131m\u0131za odaklanm\u0131\u015f durumday\u0131z.&#8221; de\u011ferlendirmesinde bulundu.<\/p>\n<p> Ragbi sporuna daha fazla gen\u00e7 atlet kazand\u0131rmay\u0131 istediklerini s\u00f6yleyen Boulet, &#8220;Kazand\u0131\u011f\u0131m\u0131z muvaffakiyetler \u00fclkede gen\u00e7ler d\u00fczeyinde ragbi sporunun daha g\u00f6r\u00fcn\u00fcr olmas\u0131n\u0131 sa\u011fl\u0131yor. B\u00f6ylece alanlara daha \u00e7ok gen\u00e7 \u00e7ekebiliyoruz ve spor b\u00fcy\u00fcyebiliyor. Bizim de iste\u011fimiz bu istikamette.&#8221; tabirlerini kulland\u0131.<\/p>\n<p> <strong>&#8211; Zabc\u0131: &#8220;\u00d6nemli galibiyetler al\u0131yoruz, daha da \u00e2l\u00e2 olaca\u011f\u0131z&#8221;<\/strong><\/p>\n<p> Kadro kaptan\u0131 Mert Zabc\u0131 ise grubun \u00e7ok motive oldu\u011funu s\u00f6z etti.<\/p>\n<p> S\u0131rbistan kar\u015f\u0131s\u0131nda kazanacaklar\u0131na inand\u0131\u011f\u0131n\u0131 kaydeden Zabc\u0131, \u015f\u00f6yle konu\u015ftu:<\/p>\n<p> &#8220;Avrupa&#8217;n\u0131n ve T\u00fcrkiye&#8217;nin her taraf\u0131ndan ulusal kadroya sportmenler geldi. G\u00f6rd\u00fc\u011f\u00fcn\u00fcz \u00fczere k\u0131ymetli galibiyetler al\u0131yoruz, daha da g\u00fczel olaca\u011f\u0131z. S\u0131rbistan kar\u015f\u0131la\u015fmas\u0131n\u0131 kazanaca\u011f\u0131m\u0131z\u0131 d\u00fc\u015f\u00fcn\u00fcyorum. Moldova kar\u015f\u0131s\u0131nda daha yeni ba\u015fl\u0131yorduk, yeni bir sistem kuruyorduk. Yeni ko\u00e7umuz ve oyuncular\u0131m\u0131z gelmi\u015fti. Her egzersizde eksiklerimiz \u00fczerine \u00e7al\u0131\u015f\u0131yoruz. Ma\u00e7lardan sonra daima &#8216;bu bizim tan\u0131d\u0131\u011f\u0131m\u0131z T\u00fcrkiye de\u011fil&#8217; diyorlar. G\u00fcc\u00fcm\u00fcz\u00fc yava\u015f yava\u015f g\u00f6sterece\u011fiz.&#8221;<\/p>\n<p> Ragbi sporunu denemek isteyen bir\u00e7ok sportmen oldu\u011funu belirten Zabc\u0131, &#8220;T\u00fcrkiye \u00e7ok g\u00fc\u00e7l\u00fc bir \u00fclke. G\u00fcre\u015ften gelen bir s\u00fcr\u00fc atletimiz var. Ragbi sporunu denemeyi \u00e7ok istiyorlar. Sizler de bu sporu T\u00fcrkiye&#8217;ye duyuruyorsunuz, bunun i\u00e7in te\u015fekk\u00fcr ediyorum. Bu sayede spora olan ilginin b\u00fcy\u00fcyece\u011fine inan\u0131yorum.&#8221; dedi.<\/p>\n<div>\u00a0<\/div>\n<\/p><\/div>\n<div>\u00a0<\/div>\n","protected":false},"excerpt":{"rendered":"<p>15&#8217;li Ragbi Erkek Ulusal Kadrosu, Avrupa Konferans Ligi C Grubu&#8217;ndaki \u00fc\u00e7\u00fcnc\u00fc ve son ma\u00e7\u0131nda 12 Nisan Cumartesi g\u00fcn\u00fc \u0130stanbul&#8217;da S\u0131rbistan&#8217;\u0131 a\u011f\u0131rlayacak.<\/p>\n","protected":false},"author":1,"featured_media":40762,"comment_status":"open","ping_status":"open","sticky":false,"template":"","format":"standard","meta":{"footnotes":""},"categories":[27],"tags":[50,520,782,3099,329],"class_list":["post-40761","post","type-post","status-publish","format-standard","has-post-thumbnail","hentry","category-guncel-haberler","tag-mac","tag-ragbi","tag-sporcu","tag-sporu","tag-takimi"],"_links":{"self":[{"href":"https:\/\/haberbesiktas.tr\/index.php?rest_route=\/wp\/v2\/posts\/40761","targetHints":{"allow":["GET"]}}],"collection":[{"href":"https:\/\/haberbesiktas.tr\/index.php?rest_route=\/wp\/v2\/posts"}],"about":[{"href":"https:\/\/haberbesiktas.tr\/index.php?rest_route=\/wp\/v2\/types\/post"}],"author":[{"embeddable":true,"href":"https:\/\/haberbesiktas.tr\/index.php?rest_route=\/wp\/v2\/users\/1"}],"replies":[{"embeddable":true,"href":"https:\/\/haberbesiktas.tr\/index.php?rest_route=%2Fwp%2Fv2%2Fcomments&post=40761"}],"version-history":[{"count":1,"href":"https:\/\/haberbesiktas.tr\/index.php?rest_route=\/wp\/v2\/posts\/40761\/revisions"}],"predecessor-version":[{"id":40763,"href":"https:\/\/haberbesiktas.tr\/index.php?rest_route=\/wp\/v2\/posts\/40761\/revisions\/40763"}],"wp:featuredmedia":[{"embeddable":true,"href":"https:\/\/haberbesiktas.tr\/index.php?rest_route=\/wp\/v2\/media\/40762"}],"wp:attachment":[{"href":"https:\/\/haberbesiktas.tr\/index.php?rest_route=%2Fwp%2Fv2%2Fmedia&parent=40761"}],"wp:term":[{"taxonomy":"category","embeddable":true,"href":"https:\/\/haberbesiktas.tr\/index.php?rest_route=%2Fwp%2Fv2%2Fcategories&post=40761"},{"taxonomy":"post_tag","embeddable":true,"href":"https:\/\/haberbesiktas.tr\/index.php?rest_route=%2Fwp%2Fv2%2Ftags&post=40761"}],"curies":[{"name":"wp","href":"https:\/\/api.w.org\/{rel}","templated":true}]}}