{"id":40895,"date":"2025-06-23T16:48:06","date_gmt":"2025-06-23T16:48:06","guid":{"rendered":"https:\/\/haberbesiktas.tr\/?p=40895"},"modified":"2025-06-23T16:48:06","modified_gmt":"2025-06-23T16:48:06","slug":"hentbolda-avusturyaya-kaybettik","status":"publish","type":"post","link":"https:\/\/haberbesiktas.tr\/?p=40895","title":{"rendered":"Hentbolda Avusturya&#8217;ya kaybettik"},"content":{"rendered":"<p>Ulusal Bayan Hentbol Grubu, 2025 D\u00fcnya \u015eampiyonas\u0131 Avrupa Elemeleri play-off 2. \u00e7e\u015fit birinci ma\u00e7\u0131nda deplasmanda Avusturya&#8217;ya 36-29 yenildi.<\/p>\n<p> Schwechat kentinde oynanan m\u00fcsabakan\u0131n birinci yar\u0131s\u0131 13-13 berabere tamamland\u0131.<\/p>\n<p> \u0130kinci yar\u0131ya uygun ba\u015flayan ulusal kadro, 35. dakikada 17-15&#8217;lik skor avantaj\u0131n\u0131 yakalad\u0131. 45. dakikaya kadar skoru elinde tutan ay-y\u0131ld\u0131zl\u0131lar, daha sonra rakibi kar\u015f\u0131s\u0131nda oyun \u00fcst\u00fcnl\u00fc\u011f\u00fcn\u00fc kaybetti.<\/p>\n<p> Seyircisinin de takviyesiyle son k\u0131s\u0131mda fark\u0131 a\u00e7an konut sahibi Avusturya, alandan 36-29 galip ayr\u0131ld\u0131.<\/p>\n<p> Ulusallar, yeni ba\u015fantren\u00f6r\u00fc \u0130spanyol David Ginesta Montes ile birinci resmi ma\u00e7\u0131na \u00e7\u0131kt\u0131.<\/p>\n<p> Bu ma\u00e7\u0131n r\u00f6van\u015f\u0131 ise 13 Nisan Pazar g\u00fcn\u00fc saat 19.00&#8217;da Amasya Spor Salonu&#8217;nda oynanacak. Ulusallar, rakibini elemesi durumunda tarihinde birinci kere Bayanlar D\u00fcnya Hentbol \u015eampiyonas\u0131&#8217;na kat\u0131lmaya hak kazanacak.<\/p>\n","protected":false},"excerpt":{"rendered":"<p>A Ulusal Bayan Hentbol Ekibi, Avusturya&#8217;ya 36-29 ma\u011flup oldu.<\/p>\n","protected":false},"author":1,"featured_media":40896,"comment_status":"open","ping_status":"open","sticky":false,"template":"","format":"standard","meta":{"footnotes":""},"categories":[27],"tags":[],"class_list":["post-40895","post","type-post","status-publish","format-standard","has-post-thumbnail","hentry","category-guncel-haberler"],"_links":{"self":[{"href":"https:\/\/haberbesiktas.tr\/index.php?rest_route=\/wp\/v2\/posts\/40895","targetHints":{"allow":["GET"]}}],"collection":[{"href":"https:\/\/haberbesiktas.tr\/index.php?rest_route=\/wp\/v2\/posts"}],"about":[{"href":"https:\/\/haberbesiktas.tr\/index.php?rest_route=\/wp\/v2\/types\/post"}],"author":[{"embeddable":true,"href":"https:\/\/haberbesiktas.tr\/index.php?rest_route=\/wp\/v2\/users\/1"}],"replies":[{"embeddable":true,"href":"https:\/\/haberbesiktas.tr\/index.php?rest_route=%2Fwp%2Fv2%2Fcomments&post=40895"}],"version-history":[{"count":1,"href":"https:\/\/haberbesiktas.tr\/index.php?rest_route=\/wp\/v2\/posts\/40895\/revisions"}],"predecessor-version":[{"id":40897,"href":"https:\/\/haberbesiktas.tr\/index.php?rest_route=\/wp\/v2\/posts\/40895\/revisions\/40897"}],"wp:featuredmedia":[{"embeddable":true,"href":"https:\/\/haberbesiktas.tr\/index.php?rest_route=\/wp\/v2\/media\/40896"}],"wp:attachment":[{"href":"https:\/\/haberbesiktas.tr\/index.php?rest_route=%2Fwp%2Fv2%2Fmedia&parent=40895"}],"wp:term":[{"taxonomy":"category","embeddable":true,"href":"https:\/\/haberbesiktas.tr\/index.php?rest_route=%2Fwp%2Fv2%2Fcategories&post=40895"},{"taxonomy":"post_tag","embeddable":true,"href":"https:\/\/haberbesiktas.tr\/index.php?rest_route=%2Fwp%2Fv2%2Ftags&post=40895"}],"curies":[{"name":"wp","href":"https:\/\/api.w.org\/{rel}","templated":true}]}}