{"id":41055,"date":"2025-06-24T03:48:07","date_gmt":"2025-06-24T03:48:07","guid":{"rendered":"https:\/\/haberbesiktas.tr\/?p=41055"},"modified":"2025-06-24T03:48:07","modified_gmt":"2025-06-24T03:48:07","slug":"mourinhonun-ikilemi-ucluyle-cift-mi-dortluyle-tek-mi","status":"publish","type":"post","link":"https:\/\/haberbesiktas.tr\/?p=41055","title":{"rendered":"Mourinho&#8217;nun ikilemi: \u00dc\u00e7l\u00fcyle \u00e7ift mi, d\u00f6rtl\u00fcyle tek mi?"},"content":{"rendered":"<div>S\u00fcper Lig \u015fampiyonlu\u011fu yolunda son 8 haftada 8 final ma\u00e7\u0131na \u00e7\u0131kacak Fenerbah\u00e7e&#8217;de g\u00f6zler Sivasspor deplasman\u0131na \u00e7evrildi.<\/p>\n<p> K\u00fcmede kalma gayreti veren rakip kar\u015f\u0131s\u0131nda \u00e7ok kritik bir ma\u00e7a \u00e7\u0131kacak Sar\u0131-Lacivertlilerde Jose Mourinho ve tak\u0131m\u0131, ma\u00e7 plan\u0131 konusunda ikilemde kald\u0131.<\/p>\n<p> Ligin ikinci yar\u0131s\u0131nda ge\u00e7ti\u011fi \u00fc\u00e7l\u00fc savunma ve \u00e7ift santrforlu tertipte ekibe \u00e7\u0131k\u0131\u015f yakalatan Portekizli \u00e7al\u0131\u015ft\u0131r\u0131c\u0131, son Trabzonspor m\u00fcsabakas\u0131nda s\u00fcrpriz bir at\u0131l\u0131mla d\u00f6rtl\u00fc defans ve tek santrfora geri d\u00f6nerek galibiyete ula\u015fm\u0131\u015ft\u0131.<\/p>\n<p> <strong>TALISCA&#8217;NIN YER\u0130 GARANT\u0130<\/strong><\/p>\n<p> Mourinho ve yard\u0131mc\u0131lar\u0131 Sivas&#8217;a kar\u015f\u0131 hangi plan\u0131 uygulayacaklar\u0131na karar vermeye \u00e7al\u0131\u015f\u0131yor.<\/p>\n<p> \u00dc\u00e7l\u00fc savunmadan vazge\u00e7ilmemesi durumunda Talisca&#8217;ya santrfor ard\u0131nda yer a\u00e7mak i\u00e7in Amrabat&#8217;\u0131n kesilip Szymanski&#8217;nin 8 numaraya ge\u00e7mesi bekleniyor.<\/p>\n<p> D\u00f6rtl\u00fcye devam edilirse 10 numaradaki Talisca&#8217;n\u0131n solunda Maximin, sa\u011f\u0131nda O\u011fuz Ayd\u0131n&#8217;\u0131n oynamas\u0131 beklenen.<\/p>\n<p> Sol bekte bir kere daha Mert M\u00fcld\u00fcr&#8217;\u00fcn baht bulup Kostic&#8217;in yabanc\u0131 hududu nedeniyle tak\u0131m d\u0131\u015f\u0131nda kalmas\u0131 olas\u0131 g\u00f6z\u00fck\u00fcyor.<\/p>\n<p> Mourinho&#8217;nun iki sistemde de Tadic&#8217;i kul\u00fcbeye \u00e7ekece\u011fi \u00f6\u011frenildi.<\/p>\n<p> <strong>EN-NESYRI&#8217;YE ORU\u00c7 YARAMADI<\/strong><\/p>\n<p> Bu ortada Sar\u0131-Lacivertlilerde son devrin formsuz ismi Youssef En-Nesyri&#8217;ye oru\u00e7 yaramad\u0131.<\/p>\n<p> Aral\u0131k-Ocak-\u015eubat periyodunda att\u0131\u011f\u0131 gollerle y\u0131ld\u0131z\u0131n\u0131 parlatan Fasl\u0131 santrfor, Ramazan ay\u0131n\u0131n ba\u015flad\u0131\u011f\u0131 mart ay\u0131ndan bu yana yaln\u0131zca bir gol atabildi.<\/p>\n<p> Jose Mourinho&#8217;nun oru\u00e7 devrinde ald\u0131\u011f\u0131 kilolar nedeniyle En-Nesyri&#8217;yi birinci 11&#8217;den kesti\u011fi sav edildi.\u00a0<\/p>\n<div>\u00a0<br \/>Kaynak: Nefes gazetesi<\/div>\n<\/div>\n<p><\/p>\n","protected":false},"excerpt":{"rendered":"<p>Ligde 8&#8217;de 8 yap\u0131p \u015fampiyonlu\u011fu hedefleyen Fenerbah\u00e7e&#8217;de Jose Mourinho ikilemde. Ligin ikinci yar\u0131s\u0131ndaki \u00e7ift santrforlu \u00fc\u00e7l\u00fc savunma tertibini Trabzonspor kar\u015f\u0131s\u0131nda tek santrforlu d\u00f6rtl\u00fc defansa \u00e7evirip sonu\u00e7 alan Portekizli, Sivasspor deplasman\u0131n\u0131n ma\u00e7 plan\u0131 konusunda karars\u0131z.<\/p>\n","protected":false},"author":1,"featured_media":41056,"comment_status":"open","ping_status":"open","sticky":false,"template":"","format":"standard","meta":{"footnotes":""},"categories":[25],"tags":[],"class_list":["post-41055","post","type-post","status-publish","format-standard","has-post-thumbnail","hentry","category-futbol"],"_links":{"self":[{"href":"https:\/\/haberbesiktas.tr\/index.php?rest_route=\/wp\/v2\/posts\/41055","targetHints":{"allow":["GET"]}}],"collection":[{"href":"https:\/\/haberbesiktas.tr\/index.php?rest_route=\/wp\/v2\/posts"}],"about":[{"href":"https:\/\/haberbesiktas.tr\/index.php?rest_route=\/wp\/v2\/types\/post"}],"author":[{"embeddable":true,"href":"https:\/\/haberbesiktas.tr\/index.php?rest_route=\/wp\/v2\/users\/1"}],"replies":[{"embeddable":true,"href":"https:\/\/haberbesiktas.tr\/index.php?rest_route=%2Fwp%2Fv2%2Fcomments&post=41055"}],"version-history":[{"count":1,"href":"https:\/\/haberbesiktas.tr\/index.php?rest_route=\/wp\/v2\/posts\/41055\/revisions"}],"predecessor-version":[{"id":41057,"href":"https:\/\/haberbesiktas.tr\/index.php?rest_route=\/wp\/v2\/posts\/41055\/revisions\/41057"}],"wp:featuredmedia":[{"embeddable":true,"href":"https:\/\/haberbesiktas.tr\/index.php?rest_route=\/wp\/v2\/media\/41056"}],"wp:attachment":[{"href":"https:\/\/haberbesiktas.tr\/index.php?rest_route=%2Fwp%2Fv2%2Fmedia&parent=41055"}],"wp:term":[{"taxonomy":"category","embeddable":true,"href":"https:\/\/haberbesiktas.tr\/index.php?rest_route=%2Fwp%2Fv2%2Fcategories&post=41055"},{"taxonomy":"post_tag","embeddable":true,"href":"https:\/\/haberbesiktas.tr\/index.php?rest_route=%2Fwp%2Fv2%2Ftags&post=41055"}],"curies":[{"name":"wp","href":"https:\/\/api.w.org\/{rel}","templated":true}]}}