{"id":41058,"date":"2025-06-24T04:00:08","date_gmt":"2025-06-24T04:00:08","guid":{"rendered":"https:\/\/haberbesiktas.tr\/?p=41058"},"modified":"2025-06-24T04:00:08","modified_gmt":"2025-06-24T04:00:08","slug":"goztepe-5-eksikle-konyaspor-deplasmaninda","status":"publish","type":"post","link":"https:\/\/haberbesiktas.tr\/?p=41058","title":{"rendered":"G\u00f6ztepe, 5 eksikle Konyaspor deplasman\u0131nda"},"content":{"rendered":"<div>G\u00f6ztepe, Trendyol \u00dcst\u00fcn Lig&#8217;in 31. haftas\u0131nda cumartesi T\u00dcMOSAN Konyaspor ile Konya&#8217;da kar\u015f\u0131la\u015facak.<\/p>\n<p> MEDA\u015e Konya B\u00fcy\u00fck\u015fehir Stadyumu&#8217;nda saat 16.00&#8217;da ba\u015flayacak m\u00fcsabakada hakem \u00dcmit \u00d6zt\u00fcrk d\u00fcd\u00fck \u00e7alacak.<\/p>\n<p> G\u00f6ztepe, son 9 ma\u00e7ta 5 beraberlik ve 4 hezimet ya\u015fad\u0131. \u0130zmir temsilcisi toplad\u0131\u011f\u0131 39 puanla haftaya 7. s\u0131rada girdi.<\/p>\n<p> Sar\u0131-k\u0131rm\u0131z\u0131l\u0131 tak\u0131mda sakatl\u0131klar\u0131 nedeniyle d\u00f6nemi kapatan Djalma Silva ile Isaac Solet&#8217;in yan\u0131 s\u0131ra sakatl\u0131klar\u0131 bulunan Ahmed Ild\u0131z ve Novatus Miroshi ile kart cezal\u0131s\u0131 Matsuki, bu ma\u00e7ta forma giyemeyecek.<\/p>\n<p> G\u00f6ztepe, d\u00f6nemin birinci yar\u0131s\u0131nda alan\u0131nda a\u011f\u0131rlad\u0131\u011f\u0131 rakibi kar\u015f\u0131s\u0131nda 2-0 galip gelmi\u015fti.<\/p>\n<p> T\u00dcMOSAN Konyaspor ile S\u00fcper Lig&#8217;de 12. ma\u00e7\u0131na \u00e7\u0131kacak olan G\u00f6ztepe, daha evvel 6 ma\u00e7\u0131 kazan\u0131rken, 3 m\u00fcsabakay\u0131 kaybetti, 2 ma\u00e7 ise berabere tamamland\u0131.<\/p>\n<\/div>\n<p><\/p>\n","protected":false},"excerpt":{"rendered":"<p>G\u00f6ztepe, S\u00fcper Lig&#8217;de cumartesi Konyaspor&#8217;a konuk olacak.<\/p>\n","protected":false},"author":1,"featured_media":41059,"comment_status":"open","ping_status":"open","sticky":false,"template":"","format":"standard","meta":{"footnotes":""},"categories":[25],"tags":[50],"class_list":["post-41058","post","type-post","status-publish","format-standard","has-post-thumbnail","hentry","category-futbol","tag-mac"],"_links":{"self":[{"href":"https:\/\/haberbesiktas.tr\/index.php?rest_route=\/wp\/v2\/posts\/41058","targetHints":{"allow":["GET"]}}],"collection":[{"href":"https:\/\/haberbesiktas.tr\/index.php?rest_route=\/wp\/v2\/posts"}],"about":[{"href":"https:\/\/haberbesiktas.tr\/index.php?rest_route=\/wp\/v2\/types\/post"}],"author":[{"embeddable":true,"href":"https:\/\/haberbesiktas.tr\/index.php?rest_route=\/wp\/v2\/users\/1"}],"replies":[{"embeddable":true,"href":"https:\/\/haberbesiktas.tr\/index.php?rest_route=%2Fwp%2Fv2%2Fcomments&post=41058"}],"version-history":[{"count":1,"href":"https:\/\/haberbesiktas.tr\/index.php?rest_route=\/wp\/v2\/posts\/41058\/revisions"}],"predecessor-version":[{"id":41060,"href":"https:\/\/haberbesiktas.tr\/index.php?rest_route=\/wp\/v2\/posts\/41058\/revisions\/41060"}],"wp:featuredmedia":[{"embeddable":true,"href":"https:\/\/haberbesiktas.tr\/index.php?rest_route=\/wp\/v2\/media\/41059"}],"wp:attachment":[{"href":"https:\/\/haberbesiktas.tr\/index.php?rest_route=%2Fwp%2Fv2%2Fmedia&parent=41058"}],"wp:term":[{"taxonomy":"category","embeddable":true,"href":"https:\/\/haberbesiktas.tr\/index.php?rest_route=%2Fwp%2Fv2%2Fcategories&post=41058"},{"taxonomy":"post_tag","embeddable":true,"href":"https:\/\/haberbesiktas.tr\/index.php?rest_route=%2Fwp%2Fv2%2Ftags&post=41058"}],"curies":[{"name":"wp","href":"https:\/\/api.w.org\/{rel}","templated":true}]}}