{"id":41064,"date":"2025-06-24T04:24:11","date_gmt":"2025-06-24T04:24:11","guid":{"rendered":"https:\/\/haberbesiktas.tr\/?p=41064"},"modified":"2025-06-24T04:24:11","modified_gmt":"2025-06-24T04:24:11","slug":"turk-sporunun-futbol-ve-basketboldaki-tek-milli-oyuncusu-can-bartu","status":"publish","type":"post","link":"https:\/\/haberbesiktas.tr\/?p=41064","title":{"rendered":"T\u00fcrk sporunun futbol ve basketboldaki tek milli oyuncusu: Can Bartu"},"content":{"rendered":"<div>T\u00fcrk sporunun ve Fenerbah\u00e7e&#8217;nin efsane ismi Can Bartu, vefat\u0131n\u0131n 6. y\u0131l d\u00f6n\u00fcm\u00fcnde an\u0131l\u0131yor.<\/p>\n<p> Can Bartu, hem futbol hem basketboldaki ba\u015far\u0131lar\u0131yla T\u00fcrk sporunda farkl\u0131 bir yer edindi. Futbol hayat\u0131 boyunca orta alanda oynayan Can Bartu, bir ulusal ma\u00e7ta da kalede vazife ald\u0131.<\/p>\n<p> 31 Ocak 1936&#8217;da \u0130stanbul&#8217;da do\u011fan Bartu, spora 1949 y\u0131l\u0131nda Fenerbah\u00e7e&#8217;nin gen\u00e7 grubunda basketbol oynayarak ba\u015flad\u0131. Futbolda da sar\u0131-lacivertlilerin gen\u00e7 ekibinde birinci tecr\u00fcbelerini ya\u015fayan Can Bartu, T\u00fcrk spor tarihinin efsaneleri ortas\u0131na bir\u00e7ok rekor ve an\u0131yla ismini yazd\u0131rd\u0131.<\/p>\n<p> Futbol mesle\u011fine enteresan bir bi\u00e7imde ad\u0131m atan Bartu, bu bran\u015fta hem T\u00fcrkiye&#8217;de hem \u0130talya&#8217;da ba\u015far\u0131l\u0131 d\u00f6nemler ya\u015fad\u0131.<\/p>\n<p> <strong>Oyuncu eksikli\u011fi futbol mesle\u011fini ba\u015flatt\u0131<\/strong><\/p>\n<p> Can Bartu, Fenerbah\u00e7e Basketbol Grubu&#8217;nda oynad\u0131\u011f\u0131 devirde Edirnespor-Fenerbah\u00e7e ma\u00e7\u0131ndaki oyuncu eksikli\u011fi nedeniyle basketbol kadrosundan al\u0131nan iki isimden biri olarak futbolla tan\u0131\u015ft\u0131.<\/p>\n<p> Birinci olarak basketbolda sivrilen Can Bartu, 1955 y\u0131l\u0131nda Gen\u00e7 Ulusal Basketbol Grubu&#8217;nda ay-y\u0131ld\u0131zl\u0131 formay\u0131 giydi. Bartu, 1955-1957 y\u0131llar\u0131nda Fenerbah\u00e7e&#8217;nin birinci kadrolar\u0131nda hem futbol hem de basketbol oynad\u0131.<\/p>\n<p> <strong>Basketbol ve futbolda ulusal olan tek sporcu<\/strong><\/p>\n<p> Efsanevi spor adam\u0131, T\u00fcrkiye&#8217;de hem futbol hem de basketbolda ulusal formay\u0131 giyen birinci ve tek isim pozisyonunda bulunuyor.<\/p>\n<p> Can Bartu&#8217;nun \u0130n\u00f6n\u00fc Stad\u0131&#8217;nda futbol ma\u00e7\u0131ndan \u00e7\u0131k\u0131p, Spor ve Stant Saray\u0131&#8217;ndaki basketbol kar\u015f\u0131la\u015fmas\u0131na gitti\u011fi bir\u00e7ok g\u00fcn oldu.<\/p>\n<p> Bartu, Mithatpa\u015fa Stad\u0131&#8217;nda Be\u015fikta\u015f ile oynad\u0131klar\u0131 ve 4-2 kazand\u0131klar\u0131 ma\u00e7ta 2 gol att\u0131ktan sonra, Spor ve Stant Saray\u0131&#8217;nda Galatasaray ile yapt\u0131klar\u0131 basketbol m\u00fcsabakas\u0131nda da 32 say\u0131 kaydetti.<\/p>\n<p> Fenerbah\u00e7e Kul\u00fcb\u00fc ile profesyonel futbolcu kontrat\u0131 imzalad\u0131ktan sonra basketbolu b\u0131rakan Can Bartu, basketbol bran\u015f\u0131nda 1&#8217;i gen\u00e7, 5&#8217;i A ulusal olmak \u00fczere 6 kere ay-y\u0131ld\u0131zl\u0131 formay\u0131 giydi.<\/p>\n<p> Ulusal ma\u00e7lar\u0131n o periyot az olmas\u0131 sebebiyle Can Bartu, 26&#8217;s\u0131 A Ulusal Futbol Grubu&#8217;nda olmak \u00fczere 28 kere ay-y\u0131ld\u0131zl\u0131 formay\u0131 giydi ve 6 gol att\u0131.<\/p>\n<p> <strong>6 y\u0131l oynad\u0131\u011f\u0131 \u0130talya&#8217;da &#8220;Sinyor&#8221; lakab\u0131n\u0131 ald\u0131<\/strong><\/p>\n<p> Fenerbah\u00e7e&#8217;de 1955-1961 y\u0131llar\u0131nda futbol oynayan Can Bartu, 1961 y\u0131l\u0131nda 6 d\u00f6nem s\u00fcrecek \u0130talya maceras\u0131na ba\u015flad\u0131.<\/p>\n<p> \u0130talya&#8217;da 1961-1962 d\u00f6neminde Fiorentina formas\u0131 giyen Bartu, 14 ma\u00e7ta 2 gol att\u0131. Bir sonraki d\u00f6nem Venezia&#8217;ya ge\u00e7en Can Bartu, burada da 30 m\u00fcsabakada 8 gol kaydetme ba\u015far\u0131s\u0131 g\u00f6sterdi. 1963-1964 d\u00f6neminde yine Fiorentina&#8217;ya transfer olan Can Bartu, 10 ma\u00e7a \u00e7\u0131kt\u0131. 1964-1967 y\u0131llar\u0131nda ise 3 d\u00f6nem Lazio&#8217;da forma giyen Bartu, 46 ma\u00e7ta 4 gole imza atarken, burada \u0130talyan futbolseverlerin b\u00fcy\u00fck sevgisini kazanarak<strong> &#8220;Sinyor&#8221;<\/strong> lakab\u0131n\u0131 ald\u0131.<\/p>\n<p> <strong>Avrupa kupalar\u0131nda final oynayan birinci T\u00fcrk oyuncu<\/strong><\/p>\n<p> Can Bartu, Fiorentina&#8217;da forma giydi\u011fi devirde, Avrupa kupalar\u0131nda final oynayan birinci T\u00fcrk oyuncu unvan\u0131n\u0131 elde etti.<\/p>\n<p> Sinyor, Fiorentina&#8217;n\u0131n Avrupa Kupa Galipleri Kupas\u0131&#8217;nda \u0130spanya&#8217;n\u0131n Atletico Madrid tak\u0131m\u0131 ile 10 May\u0131s 1962&#8217;de \u0130sko\u00e7ya&#8217;n\u0131n Glasgow kentinde oynad\u0131\u011f\u0131 finalde forma giydi ve Avrupa kupalar\u0131nda final kar\u015f\u0131la\u015fmas\u0131na \u00e7\u0131kan birinci T\u00fcrk futbolcu oldu.<\/p>\n<p> Bu m\u00fcsabakaya birinci 11&#8217;de ba\u015flayan Bartu, kadrosunun 3-0 ma\u011flup olmas\u0131 nedeniyle kupa sevinci ya\u015fayamad\u0131.<\/p>\n<p> <strong>326 ma\u00e7ta 162 gol<\/strong><\/p>\n<p> \u0130talya&#8217;da 6 y\u0131l oynad\u0131ktan sonra 1967&#8217;de tekrar Fenerbah\u00e7e&#8217;ye d\u00f6nen Bartu, 1970 y\u0131l\u0131nda j\u00fcbilesini yapt\u0131.<\/p>\n<p> Can Bartu, sar\u0131-lacivertli formayla 326 ma\u00e7ta 162 gol kaydetti.<\/p>\n<p> <strong>Milli grubun kalesine de ge\u00e7ti<\/strong><\/p>\n<p> Can Bartu, ulusal kadronun kalesini de korudu.<\/p>\n<p> Bartu, Avrupa \u015eampiyonas\u0131 Elemeleri gayretinde T\u00fcrkiye&#8217;nin Romanya&#8217;ya 3-0 yenildi\u011fi ma\u00e7ta orta alanda ba\u015flad\u0131\u011f\u0131 ma\u00e7\u0131 kalede tamamlad\u0131.<\/p>\n<p> B\u00fckre\u015f&#8217;te 2 Kas\u0131m 1958&#8217;de yap\u0131lan Romanya u\u011fra\u015f\u0131nda kaleci Turgay \u015eeren&#8217;in sakatlan\u0131p oyundan \u00e7\u0131kmas\u0131 \u00fczerine 76. dakikada ulusal grubun kalesine ge\u00e7en Bartu, 85. dakikada Ahmet Berman&#8217;\u0131n ayk\u0131r\u0131 vuru\u015fuyla bir gol yedi.<\/p>\n<p> Can Bartu, b\u00f6ylelikle ulusal ekipte hem gol atan hem de gol yiyen tek futbolcu olarak da tarihte yerini ald\u0131.<\/p>\n<p> <strong>Metin Oktay&#8217;\u0131n j\u00fcbilesinde Galatasaray formas\u0131 giydi<\/strong><\/p>\n<p> Can Bartu, Metin Oktay&#8217;\u0131n 1969 y\u0131l\u0131nda Galatasaray ile Fenerbah\u00e7e ortas\u0131nda yap\u0131lan j\u00fcbilesinde, Oktay ile formalar\u0131 de\u011fi\u015ftirdi.<\/p>\n<p> J\u00fcbile ma\u00e7\u0131nda Can Bartu k\u0131sa bir m\u00fchlet sar\u0131-k\u0131rm\u0131z\u0131l\u0131 formayla oynarken, Metin Oktay da sar\u0131-lacivertli formay\u0131 giydi.<\/p>\n<p> Bartu, futbolu b\u0131rakt\u0131ktan sonra spor m\u00fcellifli\u011fi yapt\u0131.<\/p>\n<p> <strong>\u0130smi tesislere verildi<\/strong><\/p>\n<p> Fenerbah\u00e7e Kul\u00fcb\u00fc, efsanesi Can Bartu&#8217;nun ismini hayattayken tesislerine verdi.<\/p>\n<p> 25 Temmuz 2009 tarihinde Fenerbah\u00e7e Faruk Ilgaz Tesisleri&#8217;nde yap\u0131lan Y\u00fcksek Divan Kurulu Toplant\u0131s\u0131&#8217;nda idare konseyinin teklifiyle ger\u00e7ekle\u015ftirilen oylama sonucunda, Samand\u0131ra Kamp Merkezi&#8217;ne Can Bartu&#8217;nun isminin verilmesi onayland\u0131.<\/p>\n<p> Sar\u0131-lacivertli futbol grubunun idmanlar\u0131n\u0131 yapt\u0131\u011f\u0131 tesisin ismi o tarihten bu yana Fenerbah\u00e7e Can Bartu Tesisleri olarak ge\u00e7iyor.<\/p>\n<p> Can Bartu ayr\u0131yeten, 2009&#8217;da \u00dclker Stad\u0131&#8217;nda oynanan UEFA Kupas\u0131 finalinde UEFA taraf\u0131ndan<strong> &#8220;T\u00fcrkiye el\u00e7isi&#8221;<\/strong> ilan edildi.<\/p>\n<p> Bartu, 11 Nisan 2019&#8217;da 83 ya\u015f\u0131nda hayata g\u00f6zlerini yumdu.<\/p>\n<\/div>\n<p><\/p>\n","protected":false},"excerpt":{"rendered":"<p>Fenerbah\u00e7e ve T\u00fcrk sporunun efsane isimleri ortas\u0131nda yer alan Can Bartu, vefat\u0131n\u0131n 6. y\u0131l d\u00f6n\u00fcm\u00fcnde an\u0131l\u0131yor.<\/p>\n","protected":false},"author":1,"featured_media":41065,"comment_status":"open","ping_status":"open","sticky":false,"template":"","format":"standard","meta":{"footnotes":""},"categories":[25],"tags":[3114,468,3113,115,172],"class_list":["post-41064","post","type-post","status-publish","format-standard","has-post-thumbnail","hentry","category-futbol","tag-bartu","tag-basketbol","tag-can-bartu","tag-fenerbahce","tag-futbol"],"_links":{"self":[{"href":"https:\/\/haberbesiktas.tr\/index.php?rest_route=\/wp\/v2\/posts\/41064","targetHints":{"allow":["GET"]}}],"collection":[{"href":"https:\/\/haberbesiktas.tr\/index.php?rest_route=\/wp\/v2\/posts"}],"about":[{"href":"https:\/\/haberbesiktas.tr\/index.php?rest_route=\/wp\/v2\/types\/post"}],"author":[{"embeddable":true,"href":"https:\/\/haberbesiktas.tr\/index.php?rest_route=\/wp\/v2\/users\/1"}],"replies":[{"embeddable":true,"href":"https:\/\/haberbesiktas.tr\/index.php?rest_route=%2Fwp%2Fv2%2Fcomments&post=41064"}],"version-history":[{"count":1,"href":"https:\/\/haberbesiktas.tr\/index.php?rest_route=\/wp\/v2\/posts\/41064\/revisions"}],"predecessor-version":[{"id":41066,"href":"https:\/\/haberbesiktas.tr\/index.php?rest_route=\/wp\/v2\/posts\/41064\/revisions\/41066"}],"wp:featuredmedia":[{"embeddable":true,"href":"https:\/\/haberbesiktas.tr\/index.php?rest_route=\/wp\/v2\/media\/41065"}],"wp:attachment":[{"href":"https:\/\/haberbesiktas.tr\/index.php?rest_route=%2Fwp%2Fv2%2Fmedia&parent=41064"}],"wp:term":[{"taxonomy":"category","embeddable":true,"href":"https:\/\/haberbesiktas.tr\/index.php?rest_route=%2Fwp%2Fv2%2Fcategories&post=41064"},{"taxonomy":"post_tag","embeddable":true,"href":"https:\/\/haberbesiktas.tr\/index.php?rest_route=%2Fwp%2Fv2%2Ftags&post=41064"}],"curies":[{"name":"wp","href":"https:\/\/api.w.org\/{rel}","templated":true}]}}