{"id":41238,"date":"2025-06-24T15:48:05","date_gmt":"2025-06-24T15:48:05","guid":{"rendered":"https:\/\/haberbesiktas.tr\/?p=41238"},"modified":"2025-06-24T15:48:05","modified_gmt":"2025-06-24T15:48:05","slug":"mersin-uluslararasi-bisiklet-turunda-ikinci-etap-tamamlandi","status":"publish","type":"post","link":"https:\/\/haberbesiktas.tr\/?p=41238","title":{"rendered":"Mersin Uluslararas\u0131 Bisiklet Turu&#8217;nda ikinci etap tamamland\u0131"},"content":{"rendered":"<p>Mersin B\u00fcy\u00fck\u015fehir Belediyesi taraf\u0131ndan 7. kere organize edilen Mersin Memleketler aras\u0131 Bisiklet Tipi&#8217;nin (Tour of Mersin), G\u00fclnar-Mut-Silifke-Erdemli etab\u0131 tamamland\u0131.\u00a0<\/p>\n<p> G\u00fclnar H\u00fck\u00fcmet Kona\u011f\u0131 \u00f6n\u00fcnden Kaymakam\u0131 Yusuf Ziya Yakt\u0131, Belediye Ba\u015fkan\u0131 Fatih \u00d6nge, B\u00fcy\u00fck\u015fehir Belediyesi Genel Sekreter Yard\u0131mc\u0131s\u0131 Serdal G\u00f6kayaz ve \u00f6b\u00fcr ilgililer taraf\u0131ndan ba\u015flat\u0131lan ikinci etap Faziletli il\u00e7esinde sona erdi.<\/p>\n<p> Sportmenler bu etapta G\u00fclnar, Mut, Silifke ve Faziletli il\u00e7elerindeki tarihi ve do\u011fal ho\u015fluklar e\u015fli\u011finde pedal \u00e7evirdi.<\/p>\n<p> Memleketler aras\u0131 Bisiklet Birli\u011finin takviminde yer alan tertibin ikinci etab\u0131nda genel klasmanda S\u0131rp Mihajlo Stolic birinci, G\u00fcney Afrikal\u0131 Stephen De Bod ikinci, Danimarkal\u0131 Mathias Bregnay \u00fc\u00e7\u00fcnc\u00fc s\u0131rada yer ald\u0131.<\/p>\n<p> Atletlerden Stefan De Bod &#8220;sprint&#8221; ve &#8220;lider sporcu&#8221;, Macar Balint Feldhoffer de &#8220;t\u0131rman\u0131\u015f&#8221; ve &#8220;en \u00e2l\u00e2 23 ya\u015f alt\u0131 sporcu&#8221; kategorilerini birinci s\u0131rada bulundu.\u00a0<\/p>\n<p> Yar\u0131\u015flar\u0131n sona erdi\u011fi alanda d\u00fczenlenen merasimde, dereceye giren atletlere m\u00fckafatlar\u0131 verildi.<\/p>\n<p> Bisikletlilerin 448,5 kilometre yol alaca\u011f\u0131 tertipte yar\u0131n Tarsus-\u00c7aml\u0131yayla-Toroslar etab\u0131 ge\u00e7ilecek.<\/p>\n<p> Kent merkezinde 13 Nisan&#8217;da sona erecek cinste, dereceye giren atletlere toplam 19 bin 30 avro \u00f6d\u00fcl verilecek.<\/p>\n<p> \u00a0<\/p>\n","protected":false},"excerpt":{"rendered":"<p>Mersin Memleketler aras\u0131 Bisiklet Tipi&#8217;nin G\u00fclnar-Mut-Silifke-Erdemli etab\u0131 sona erdi. Genel klasmanda S\u0131rp Mihajlo Stolic birinci olurken, yar\u0131\u015fta dereceye giren atletlere m\u00fckafatlar\u0131 verildi.<\/p>\n","protected":false},"author":1,"featured_media":41239,"comment_status":"open","ping_status":"open","sticky":false,"template":"","format":"standard","meta":{"footnotes":""},"categories":[27],"tags":[],"class_list":["post-41238","post","type-post","status-publish","format-standard","has-post-thumbnail","hentry","category-guncel-haberler"],"_links":{"self":[{"href":"https:\/\/haberbesiktas.tr\/index.php?rest_route=\/wp\/v2\/posts\/41238","targetHints":{"allow":["GET"]}}],"collection":[{"href":"https:\/\/haberbesiktas.tr\/index.php?rest_route=\/wp\/v2\/posts"}],"about":[{"href":"https:\/\/haberbesiktas.tr\/index.php?rest_route=\/wp\/v2\/types\/post"}],"author":[{"embeddable":true,"href":"https:\/\/haberbesiktas.tr\/index.php?rest_route=\/wp\/v2\/users\/1"}],"replies":[{"embeddable":true,"href":"https:\/\/haberbesiktas.tr\/index.php?rest_route=%2Fwp%2Fv2%2Fcomments&post=41238"}],"version-history":[{"count":1,"href":"https:\/\/haberbesiktas.tr\/index.php?rest_route=\/wp\/v2\/posts\/41238\/revisions"}],"predecessor-version":[{"id":41240,"href":"https:\/\/haberbesiktas.tr\/index.php?rest_route=\/wp\/v2\/posts\/41238\/revisions\/41240"}],"wp:featuredmedia":[{"embeddable":true,"href":"https:\/\/haberbesiktas.tr\/index.php?rest_route=\/wp\/v2\/media\/41239"}],"wp:attachment":[{"href":"https:\/\/haberbesiktas.tr\/index.php?rest_route=%2Fwp%2Fv2%2Fmedia&parent=41238"}],"wp:term":[{"taxonomy":"category","embeddable":true,"href":"https:\/\/haberbesiktas.tr\/index.php?rest_route=%2Fwp%2Fv2%2Fcategories&post=41238"},{"taxonomy":"post_tag","embeddable":true,"href":"https:\/\/haberbesiktas.tr\/index.php?rest_route=%2Fwp%2Fv2%2Ftags&post=41238"}],"curies":[{"name":"wp","href":"https:\/\/api.w.org\/{rel}","templated":true}]}}