{"id":41263,"date":"2025-06-24T17:12:09","date_gmt":"2025-06-24T17:12:09","guid":{"rendered":"https:\/\/haberbesiktas.tr\/?p=41263"},"modified":"2025-06-24T17:12:09","modified_gmt":"2025-06-24T17:12:09","slug":"galatasaraya-sallaiden-kotu-haber","status":"publish","type":"post","link":"https:\/\/haberbesiktas.tr\/?p=41263","title":{"rendered":"Galatasaray&#8217;a Sallai&#8217;den k\u00f6t\u00fc haber!"},"content":{"rendered":"<div>S\u00fcper Lig&#8217;de Samsunspor ile deplasmanda kar\u015f\u0131la\u015fan Galatasaray&#8217;a berbat bir haber geldi.<\/p>\n<p> Galatasaray&#8217;da sar\u0131 kart g\u00f6ren Roland Sallai, cezal\u0131 duruma d\u00fc\u015ft\u00fc. Macar futbolcu, gelecek hafta grubunu yaln\u0131z b\u0131rakacak.<\/p>\n<p> Galatasaray, ligde gelecek hafta alan\u0131nda Bodrum FK ile kar\u015f\u0131la\u015facak.<\/p>\n<\/div>\n<p><\/p>\n","protected":false},"excerpt":{"rendered":"<p>Galatasaray&#8217;da sar\u0131 kart g\u00f6ren Roland Sallai, gelecek hafta Bodrum FK ma\u00e7\u0131nda forma giyemeyecek.<\/p>\n","protected":false},"author":1,"featured_media":41264,"comment_status":"open","ping_status":"open","sticky":false,"template":"","format":"standard","meta":{"footnotes":""},"categories":[25],"tags":[],"class_list":["post-41263","post","type-post","status-publish","format-standard","has-post-thumbnail","hentry","category-futbol"],"_links":{"self":[{"href":"https:\/\/haberbesiktas.tr\/index.php?rest_route=\/wp\/v2\/posts\/41263","targetHints":{"allow":["GET"]}}],"collection":[{"href":"https:\/\/haberbesiktas.tr\/index.php?rest_route=\/wp\/v2\/posts"}],"about":[{"href":"https:\/\/haberbesiktas.tr\/index.php?rest_route=\/wp\/v2\/types\/post"}],"author":[{"embeddable":true,"href":"https:\/\/haberbesiktas.tr\/index.php?rest_route=\/wp\/v2\/users\/1"}],"replies":[{"embeddable":true,"href":"https:\/\/haberbesiktas.tr\/index.php?rest_route=%2Fwp%2Fv2%2Fcomments&post=41263"}],"version-history":[{"count":1,"href":"https:\/\/haberbesiktas.tr\/index.php?rest_route=\/wp\/v2\/posts\/41263\/revisions"}],"predecessor-version":[{"id":41265,"href":"https:\/\/haberbesiktas.tr\/index.php?rest_route=\/wp\/v2\/posts\/41263\/revisions\/41265"}],"wp:featuredmedia":[{"embeddable":true,"href":"https:\/\/haberbesiktas.tr\/index.php?rest_route=\/wp\/v2\/media\/41264"}],"wp:attachment":[{"href":"https:\/\/haberbesiktas.tr\/index.php?rest_route=%2Fwp%2Fv2%2Fmedia&parent=41263"}],"wp:term":[{"taxonomy":"category","embeddable":true,"href":"https:\/\/haberbesiktas.tr\/index.php?rest_route=%2Fwp%2Fv2%2Fcategories&post=41263"},{"taxonomy":"post_tag","embeddable":true,"href":"https:\/\/haberbesiktas.tr\/index.php?rest_route=%2Fwp%2Fv2%2Ftags&post=41263"}],"curies":[{"name":"wp","href":"https:\/\/api.w.org\/{rel}","templated":true}]}}