{"id":41273,"date":"2025-06-24T17:36:06","date_gmt":"2025-06-24T17:36:06","guid":{"rendered":"https:\/\/haberbesiktas.tr\/?p=41273"},"modified":"2025-06-24T17:36:06","modified_gmt":"2025-06-24T17:36:06","slug":"kerem-kamal-ve-hamza-bakir-avrupa-sampiyonasinda-finalde","status":"publish","type":"post","link":"https:\/\/haberbesiktas.tr\/?p=41273","title":{"rendered":"Kerem Kamal ve Hamza Bak\u0131r Avrupa \u015eampiyonas\u0131&#8217;nda finalde"},"content":{"rendered":"<p>Slovakya&#8217;da d\u00fczenlenen 2025 Avrupa G\u00fcre\u015f \u015eampiyonas\u0131&#8217;nda grekoromen tarzda gayret eden ulusal sportmenler Kerem Kamal ve Hamza Bak\u0131r, finale y\u00fckseldi.<\/p>\n<p> Ba\u015f\u015fehir Bratislava&#8217;daki tertipte grekoromen tarz kar\u015f\u0131la\u015fmalar\u0131 ba\u015flad\u0131. 55, 63, 77, 87 ve 130 kiloda elemeler, \u00e7eyrek ve yar\u0131 final kar\u015f\u0131la\u015fmalar\u0131 yap\u0131ld\u0131.\u00a0<\/p>\n<p> T\u00fcrkiye&#8217;yi 63 kiloda temsil eden Kerem Kamal, elemelerde Finlandiya&#8217;dan Tino Tapio Ojala, \u00e7eyrek finalde Moldova&#8217;dan Vitalie Eriomenco, yar\u0131 finalde de Azerbaycan&#8217;dan Murad Mammadov&#8217;u yenerek ismini finale yazd\u0131rd\u0131.\u00a0<\/p>\n<p> B\u00fcy\u00fcklerde ikinci Avrupa \u015fampiyonlu\u011funa ula\u015fmay\u0131 hedefleyen Kerem, finalde Ermeni Karen Aslanyan ile kar\u015f\u0131la\u015facak.<\/p>\n<p> Grekoromen tarz\u0131n a\u011f\u0131r s\u0131kleti 130 kiloda \u00e7aba eden Hamza Bak\u0131r, s\u0131ras\u0131yla Ermenistan&#8217;dan David Ovasapyan, Azerbaycan&#8217;dan Beka Kandelaki ve Almanya&#8217;dan Jello Krahmer&#8217;i yenerek finale y\u00fckselmeyi ba\u015fard\u0131.<\/p>\n<p> Avrupa \u015eampiyonas\u0131&#8217;nda mesle\u011finin birinci finaline \u00e7\u0131kacak Hamza, alt\u0131n madalya u\u011fra\u015f\u0131nda Rus Sergei Semenov ile kar\u015f\u0131la\u015facak. Ba\u011f\u0131ms\u0131z atlet olarak tertipte yer alan Semenov, ge\u00e7en y\u0131l alt\u0131n madalya kazanm\u0131\u015ft\u0131.\u00a0<\/p>\n<p> 77 kiloda g\u00fcre\u015fen Ahmet Y\u0131lmaz repesaj baht\u0131 yakalarken, Emre Memnun (55 kilo) ve Muhittin Sar\u0131\u00e7i\u00e7ek (87 kilo) tertibe veda etti.<\/p>\n<p> Grekoromen tarz 55, 63, 77, 87 ve 130 kiloda repesaj ve madalya kar\u015f\u0131la\u015fmalar\u0131 12 Nisan Cumartesi g\u00fcn\u00fc yap\u0131lacak.<\/p>\n","protected":false},"excerpt":{"rendered":"<p>Slovakya&#8217;da d\u00fczenlenen 2025 Avrupa G\u00fcre\u015f \u015eampiyonas\u0131&#8217;nda grekoromen tarzda mindere \u00e7\u0131kan Kerem Kamal ve Hamza Bak\u0131r, finale y\u00fckselerek alt\u0131n madalya i\u00e7in u\u011fra\u015f etme hakk\u0131 kazand\u0131.<\/p>\n","protected":false},"author":1,"featured_media":41274,"comment_status":"open","ping_status":"open","sticky":false,"template":"","format":"standard","meta":{"footnotes":""},"categories":[27],"tags":[235],"class_list":["post-41273","post","type-post","status-publish","format-standard","has-post-thumbnail","hentry","category-guncel-haberler","tag-final"],"_links":{"self":[{"href":"https:\/\/haberbesiktas.tr\/index.php?rest_route=\/wp\/v2\/posts\/41273","targetHints":{"allow":["GET"]}}],"collection":[{"href":"https:\/\/haberbesiktas.tr\/index.php?rest_route=\/wp\/v2\/posts"}],"about":[{"href":"https:\/\/haberbesiktas.tr\/index.php?rest_route=\/wp\/v2\/types\/post"}],"author":[{"embeddable":true,"href":"https:\/\/haberbesiktas.tr\/index.php?rest_route=\/wp\/v2\/users\/1"}],"replies":[{"embeddable":true,"href":"https:\/\/haberbesiktas.tr\/index.php?rest_route=%2Fwp%2Fv2%2Fcomments&post=41273"}],"version-history":[{"count":1,"href":"https:\/\/haberbesiktas.tr\/index.php?rest_route=\/wp\/v2\/posts\/41273\/revisions"}],"predecessor-version":[{"id":41275,"href":"https:\/\/haberbesiktas.tr\/index.php?rest_route=\/wp\/v2\/posts\/41273\/revisions\/41275"}],"wp:featuredmedia":[{"embeddable":true,"href":"https:\/\/haberbesiktas.tr\/index.php?rest_route=\/wp\/v2\/media\/41274"}],"wp:attachment":[{"href":"https:\/\/haberbesiktas.tr\/index.php?rest_route=%2Fwp%2Fv2%2Fmedia&parent=41273"}],"wp:term":[{"taxonomy":"category","embeddable":true,"href":"https:\/\/haberbesiktas.tr\/index.php?rest_route=%2Fwp%2Fv2%2Fcategories&post=41273"},{"taxonomy":"post_tag","embeddable":true,"href":"https:\/\/haberbesiktas.tr\/index.php?rest_route=%2Fwp%2Fv2%2Ftags&post=41273"}],"curies":[{"name":"wp","href":"https:\/\/api.w.org\/{rel}","templated":true}]}}