{"id":41276,"date":"2025-06-24T17:48:06","date_gmt":"2025-06-24T17:48:06","guid":{"rendered":"https:\/\/haberbesiktas.tr\/?p=41276"},"modified":"2025-06-24T17:48:06","modified_gmt":"2025-06-24T17:48:06","slug":"milli-gurescilerden-elviraya-gumus-zeynepe-bronz-madalya","status":"publish","type":"post","link":"https:\/\/haberbesiktas.tr\/?p=41276","title":{"rendered":"Milli g\u00fcre\u015f\u00e7ilerden Elvira&#8217;ya g\u00fcm\u00fc\u015f, Zeynep&#8217;e bronz madalya!"},"content":{"rendered":"<p>Slovakya&#8217;da devam eden 2025 Avrupa G\u00fcre\u015f \u015eampiyonas\u0131&#8217;n\u0131n be\u015finci g\u00fcn\u00fcnde ulusal atletlerden Elvira S\u00fcleyman Kamalo\u011flu g\u00fcm\u00fc\u015f, Zeynep Yetgil ise bronz madalya elde etti.<\/p>\n<p> Ba\u015f\u015fehir Bratislava&#8217;daki tertipte bayanlar 57 kiloda u\u011fra\u015f eden Elvira, finalde ba\u011f\u0131ms\u0131z sportmen Olga Khoroshavtseva ile kar\u015f\u0131la\u015ft\u0131. Rus rakibine 6-4 yenilen Elvira, ikincillik k\u00fcrs\u00fcs\u00fcnde yer ald\u0131.<\/p>\n<p> T\u00fcrkiye&#8217;yi 53 kiloda temsil eden Zeynep Yetgil ise ba\u011f\u0131ms\u0131z atlet Viyaleta Rebikava Chyryk (Belarus) ile yapt\u0131\u011f\u0131 \u00fc\u00e7\u00fcnc\u00fcl\u00fck ma\u00e7\u0131n\u0131 2-1 kazanarak bronz madalyan\u0131n sahibi oldu.<\/p>\n<p> \u00d6te yandan, bayanlar 62 kiloda Rumen Amina Roxana Capezan&#8217;\u0131 repesaj ma\u00e7\u0131nda ma\u011flup eden Selvi \u0130lyaso\u011flu, bronz madalya m\u00fcsabakas\u0131nda Alman Luisa Helga Gerda Niemesch&#8217;e yenildi ve tertibi s\u0131kletinde 5. s\u0131rada bitirdi.<\/p>\n<p> \u00a0<\/p>\n","protected":false},"excerpt":{"rendered":"<p>2025 Avrupa G\u00fcre\u015f \u015eampiyonas\u0131&#8217;nda bayanlar \u00e7abas\u0131nda Elvira Kamalo\u011flu g\u00fcm\u00fc\u015f, Zeynep Yetgil ise bronz madalya kazanarak T\u00fcrkiye&#8217;ye k\u00fcrs\u00fc sevinci ya\u015fatt\u0131.<\/p>\n","protected":false},"author":1,"featured_media":41277,"comment_status":"open","ping_status":"open","sticky":false,"template":"","format":"standard","meta":{"footnotes":""},"categories":[27],"tags":[],"class_list":["post-41276","post","type-post","status-publish","format-standard","has-post-thumbnail","hentry","category-guncel-haberler"],"_links":{"self":[{"href":"https:\/\/haberbesiktas.tr\/index.php?rest_route=\/wp\/v2\/posts\/41276","targetHints":{"allow":["GET"]}}],"collection":[{"href":"https:\/\/haberbesiktas.tr\/index.php?rest_route=\/wp\/v2\/posts"}],"about":[{"href":"https:\/\/haberbesiktas.tr\/index.php?rest_route=\/wp\/v2\/types\/post"}],"author":[{"embeddable":true,"href":"https:\/\/haberbesiktas.tr\/index.php?rest_route=\/wp\/v2\/users\/1"}],"replies":[{"embeddable":true,"href":"https:\/\/haberbesiktas.tr\/index.php?rest_route=%2Fwp%2Fv2%2Fcomments&post=41276"}],"version-history":[{"count":1,"href":"https:\/\/haberbesiktas.tr\/index.php?rest_route=\/wp\/v2\/posts\/41276\/revisions"}],"predecessor-version":[{"id":41278,"href":"https:\/\/haberbesiktas.tr\/index.php?rest_route=\/wp\/v2\/posts\/41276\/revisions\/41278"}],"wp:featuredmedia":[{"embeddable":true,"href":"https:\/\/haberbesiktas.tr\/index.php?rest_route=\/wp\/v2\/media\/41277"}],"wp:attachment":[{"href":"https:\/\/haberbesiktas.tr\/index.php?rest_route=%2Fwp%2Fv2%2Fmedia&parent=41276"}],"wp:term":[{"taxonomy":"category","embeddable":true,"href":"https:\/\/haberbesiktas.tr\/index.php?rest_route=%2Fwp%2Fv2%2Fcategories&post=41276"},{"taxonomy":"post_tag","embeddable":true,"href":"https:\/\/haberbesiktas.tr\/index.php?rest_route=%2Fwp%2Fv2%2Ftags&post=41276"}],"curies":[{"name":"wp","href":"https:\/\/api.w.org\/{rel}","templated":true}]}}