{"id":41290,"date":"2025-06-24T18:36:09","date_gmt":"2025-06-24T18:36:09","guid":{"rendered":"https:\/\/haberbesiktas.tr\/?p=41290"},"modified":"2025-06-24T18:36:09","modified_gmt":"2025-06-24T18:36:09","slug":"osimhenden-konusulacak-transfer-cevabi","status":"publish","type":"post","link":"https:\/\/haberbesiktas.tr\/?p=41290","title":{"rendered":"Osimhen&#8217;den konu\u015fulacak transfer cevab\u0131!"},"content":{"rendered":"<div>Galatasaray&#8217;\u0131n Napoli&#8217;den kiralad\u0131\u011f\u0131 Victor Osimhen, Samsunspor m\u00fcsabakas\u0131n\u0131n akabinde a\u00e7\u0131klamalarda bulundu.<\/p>\n<p> <strong>&#8220;B\u00d6YLE DEVAM ETMEL\u0130Y\u0130Z&#8221;<\/strong><\/p>\n<p> M\u00fccadelei k\u0131ymetlendiren Victor Osimhen &#8220;\u0130lk yar\u0131da biraz tez ettik, kendimizi g\u00f6stermek istedik. Biraz daha topa sahip olmam\u0131z gerekiyordu. Rakibimizi biliyorduk, onlar\u0131n avantaj\u0131na oldu. \u0130kinci yar\u0131da daha sab\u0131rl\u0131 oynad\u0131k. Gol att\u0131\u011f\u0131m i\u00e7in memnunum. Bunun \u00fczerine devam\u00a0etmeliyiz.&#8221; dedi.<\/p>\n<p> <strong>FENERBAH\u00c7E VE \u015eAMP\u0130YONLUK<\/strong><\/p>\n<p> Fenerbah\u00e7e ile \u015fampiyonluk yar\u0131\u015f\u0131 hakk\u0131ndaki soruyu yan\u0131tlayan Osimhen &#8220;<strong>Odak bizim \u00fczerimizde. Grup olarak \u00fczerimizde sorumluluk var. Her ma\u00e7\u0131 kazanmak istiyoruz. Bu kalitemiz var. Rakiplerin \u00fcstesinden gelmek ve bu kupay\u0131 kald\u0131rmak i\u00e7in gayret etmeliyiz. \u015eu anda avantajl\u0131 olan biziz ancak kolay olmayacak<\/strong>.&#8221; s\u00f6zlerini kulland\u0131.<\/p>\n<p> <strong>&#8220;GALATASARAY KALB\u0130MDE OLACAK&#8221;<\/strong><\/p>\n<p> Gelece\u011fiyle ilgili soru \u00fczerine a\u00e7\u0131klama yapan Osimhen &#8220;<strong>Hep s\u00f6ylentiler oluyor benimle ilgili. Lakin ben an\u0131 ya\u015f\u0131yorum. \u015eu anda keyfime bak\u0131yorum. Taraftar da inan\u0131lmaz takviye oldu bana. Yaln\u0131zca bana da de\u011fil arkada\u015flar\u0131m\u0131n ve ailemin de yan\u0131nda oldular. Herkes i\u00e7in en d\u00fczg\u00fcn\u00fc ne olacaksa karar al\u0131nacakt\u0131r. Ama Galatasaray sonsuza kadar kalbimde olacak.<\/strong>&#8221; bi\u00e7iminde konu\u015ftu.<\/p>\n<\/div>\n<p><\/p>\n","protected":false},"excerpt":{"rendered":"<p>Gelece\u011fiyle ilgili soru \u00fczerine Samsunspor ma\u00e7\u0131 sonras\u0131 a\u00e7\u0131klama yapan Victor Osimhen konu\u015fulacak bir a\u00e7\u0131klama yapt\u0131.<\/p>\n","protected":false},"author":1,"featured_media":41291,"comment_status":"open","ping_status":"open","sticky":false,"template":"","format":"standard","meta":{"footnotes":""},"categories":[25],"tags":[],"class_list":["post-41290","post","type-post","status-publish","format-standard","has-post-thumbnail","hentry","category-futbol"],"_links":{"self":[{"href":"https:\/\/haberbesiktas.tr\/index.php?rest_route=\/wp\/v2\/posts\/41290","targetHints":{"allow":["GET"]}}],"collection":[{"href":"https:\/\/haberbesiktas.tr\/index.php?rest_route=\/wp\/v2\/posts"}],"about":[{"href":"https:\/\/haberbesiktas.tr\/index.php?rest_route=\/wp\/v2\/types\/post"}],"author":[{"embeddable":true,"href":"https:\/\/haberbesiktas.tr\/index.php?rest_route=\/wp\/v2\/users\/1"}],"replies":[{"embeddable":true,"href":"https:\/\/haberbesiktas.tr\/index.php?rest_route=%2Fwp%2Fv2%2Fcomments&post=41290"}],"version-history":[{"count":1,"href":"https:\/\/haberbesiktas.tr\/index.php?rest_route=\/wp\/v2\/posts\/41290\/revisions"}],"predecessor-version":[{"id":41292,"href":"https:\/\/haberbesiktas.tr\/index.php?rest_route=\/wp\/v2\/posts\/41290\/revisions\/41292"}],"wp:featuredmedia":[{"embeddable":true,"href":"https:\/\/haberbesiktas.tr\/index.php?rest_route=\/wp\/v2\/media\/41291"}],"wp:attachment":[{"href":"https:\/\/haberbesiktas.tr\/index.php?rest_route=%2Fwp%2Fv2%2Fmedia&parent=41290"}],"wp:term":[{"taxonomy":"category","embeddable":true,"href":"https:\/\/haberbesiktas.tr\/index.php?rest_route=%2Fwp%2Fv2%2Fcategories&post=41290"},{"taxonomy":"post_tag","embeddable":true,"href":"https:\/\/haberbesiktas.tr\/index.php?rest_route=%2Fwp%2Fv2%2Ftags&post=41290"}],"curies":[{"name":"wp","href":"https:\/\/api.w.org\/{rel}","templated":true}]}}