{"id":41299,"date":"2025-06-24T19:12:08","date_gmt":"2025-06-24T19:12:08","guid":{"rendered":"https:\/\/haberbesiktas.tr\/?p=41299"},"modified":"2025-06-24T19:12:08","modified_gmt":"2025-06-24T19:12:08","slug":"thomas-reisten-ofsayt-tepkisi","status":"publish","type":"post","link":"https:\/\/haberbesiktas.tr\/?p=41299","title":{"rendered":"Thomas Reis&#8217;ten ofsayt tepkisi!"},"content":{"rendered":"<div>Samsunspor Teknik Y\u00f6neticisi Thomas Reis, Galatasaray m\u00fcsabakas\u0131n\u0131n akabinde a\u00e7\u0131klamalarda bulundu.<\/p>\n<p> Ma\u00e7\u0131n akabinde yay\u0131nc\u0131 kurulu\u015fa konu\u015fan Thomas Reis &#8220;<strong>\u0130lk yar\u0131daki performans\u0131m\u0131zda m\u00fcspet bir \u015fey varsa, d\u00fczg\u00fcn savunma yapmam\u0131zd\u0131. Att\u0131\u011f\u0131m\u0131z golde ofsayt oldu\u011fu niyetinde de\u011filim. Kendi yapt\u0131\u011f\u0131m\u0131z yan\u0131lg\u0131lar vard\u0131. Bizim yapt\u0131\u011f\u0131m\u0131z yan\u0131lg\u0131lardan iki gol yedik. Pasla \u00f6n tarafa hakikat \u00e7\u0131kmaya \u00e7al\u0131\u015f\u0131rken 2-0 geriye d\u00fc\u015ft\u00fck. \u0130kinci golden sonra ma\u00e7 bitti diyebilirim. Elimizden gelenin en g\u00fczelini yapt\u0131k ancak Galatasaray bizden daha g\u00fczeldi.<\/strong>&#8221; dedi.<\/p>\n<p> Karadeniz tak\u0131m\u0131 ile ilgili konu\u015fan Thomas Reis &#8220;<strong>Dar bir tak\u0131m\u0131m\u0131z var. Geni\u015f bir tak\u0131m\u0131m\u0131z yok. Birinci sefer talih verdi\u011fim gen\u00e7 bir oyuncumuz da vard\u0131. \u00dcst\u00fcn Lig&#8217;deki birinci dakikalar\u0131n\u0131 ald\u0131. Kul\u00fcp olarak gen\u00e7lere de f\u0131rsat vermeye \u00e7al\u0131\u015f\u0131yoruz. \u0130kinci gol \u00e7ok erken geldi. Bizim plan\u0131m\u0131zda bu yoktu. Her yenilgi can\u0131m\u0131z\u0131 ac\u0131t\u0131yor lakin yolumuza devam etmeliyiz. Umar\u0131m sakat oyuncular\u0131m\u0131z en k\u0131sa m\u00fcddette d\u00f6ner ve bir sonraki ma\u00e7ta daha yeterli performans\u00a0g\u00f6steririz<\/strong>.&#8221; s\u00f6zlerini kulland\u0131.<\/p>\n<div>\u00a0<\/div>\n<\/div>\n<p><\/p>\n","protected":false},"excerpt":{"rendered":"<p>Samsunspor Teknik Y\u00f6neticisi Thomas Reis, Galatasaray ma\u00e7\u0131 sonras\u0131 konu\u015ftu.<\/p>\n","protected":false},"author":1,"featured_media":41300,"comment_status":"open","ping_status":"open","sticky":false,"template":"","format":"standard","meta":{"footnotes":""},"categories":[25],"tags":[],"class_list":["post-41299","post","type-post","status-publish","format-standard","has-post-thumbnail","hentry","category-futbol"],"_links":{"self":[{"href":"https:\/\/haberbesiktas.tr\/index.php?rest_route=\/wp\/v2\/posts\/41299","targetHints":{"allow":["GET"]}}],"collection":[{"href":"https:\/\/haberbesiktas.tr\/index.php?rest_route=\/wp\/v2\/posts"}],"about":[{"href":"https:\/\/haberbesiktas.tr\/index.php?rest_route=\/wp\/v2\/types\/post"}],"author":[{"embeddable":true,"href":"https:\/\/haberbesiktas.tr\/index.php?rest_route=\/wp\/v2\/users\/1"}],"replies":[{"embeddable":true,"href":"https:\/\/haberbesiktas.tr\/index.php?rest_route=%2Fwp%2Fv2%2Fcomments&post=41299"}],"version-history":[{"count":1,"href":"https:\/\/haberbesiktas.tr\/index.php?rest_route=\/wp\/v2\/posts\/41299\/revisions"}],"predecessor-version":[{"id":41301,"href":"https:\/\/haberbesiktas.tr\/index.php?rest_route=\/wp\/v2\/posts\/41299\/revisions\/41301"}],"wp:featuredmedia":[{"embeddable":true,"href":"https:\/\/haberbesiktas.tr\/index.php?rest_route=\/wp\/v2\/media\/41300"}],"wp:attachment":[{"href":"https:\/\/haberbesiktas.tr\/index.php?rest_route=%2Fwp%2Fv2%2Fmedia&parent=41299"}],"wp:term":[{"taxonomy":"category","embeddable":true,"href":"https:\/\/haberbesiktas.tr\/index.php?rest_route=%2Fwp%2Fv2%2Fcategories&post=41299"},{"taxonomy":"post_tag","embeddable":true,"href":"https:\/\/haberbesiktas.tr\/index.php?rest_route=%2Fwp%2Fv2%2Ftags&post=41299"}],"curies":[{"name":"wp","href":"https:\/\/api.w.org\/{rel}","templated":true}]}}