{"id":41302,"date":"2025-06-24T19:24:12","date_gmt":"2025-06-24T19:24:12","guid":{"rendered":"https:\/\/haberbesiktas.tr\/?p=41302"},"modified":"2025-06-24T19:24:12","modified_gmt":"2025-06-24T19:24:12","slug":"zeki-yavru-avrupa-hedefimize-ulasmak-istiyoruz","status":"publish","type":"post","link":"https:\/\/haberbesiktas.tr\/?p=41302","title":{"rendered":"Zeki Yavru: &#8220;Avrupa hedefimize ula\u015fmak istiyoruz&#8221;"},"content":{"rendered":"<div>\n<p>Samsunspor&#8217;un deneyimli oyuncusu Zeki Yavru, alanlar\u0131nda Galatasaray&#8217;a 2-0 ma\u011flup olduklar\u0131 m\u00fcsabakan\u0131n akabinde a\u00e7\u0131klamalarda bulundu.<\/p>\n<p> \u00c7abay\u0131 pahaland\u0131ran 33 ya\u015f\u0131ndaki oyuncu, <strong>&#8220;Att\u0131\u011f\u0131m\u0131z golde tart\u0131\u015fmal\u0131 ve kritik bir ofsayt verildi. Manzaralara bak\u0131yoruz \u00e7ok kritik. Galatasaray&#8217;a birinci yar\u0131da konum vermedik, yeterli savunduk. Bir baht gol\u00fc olabilir duran topun devam\u0131nda seken top gol oldu. \u0130kinci yar\u0131da da erken gol yedik. \u00dczg\u00fcn\u00fcz. Taraftar\u0131m\u0131zdan \u00f6z\u00fcr diliyoruz. Geride alt\u0131 ma\u00e7 kald\u0131. O alt\u0131 ma\u00e7tan en g\u00fczel halde ayr\u0131l\u0131p, Avrupa gayesini ula\u015fmak istiyoruz. \u0130n\u015fallah bunu ba\u015far\u0131s\u0131z.&#8221;<\/strong> dedi.\u00a0<\/p>\n<\/div>\n<p><\/p>\n","protected":false},"excerpt":{"rendered":"<p>Samsunspor&#8217;da Zeki Yavru, Galatasaray ma\u00e7\u0131 sonras\u0131 konu\u015ftu.<\/p>\n","protected":false},"author":1,"featured_media":41303,"comment_status":"open","ping_status":"open","sticky":false,"template":"","format":"standard","meta":{"footnotes":""},"categories":[25],"tags":[],"class_list":["post-41302","post","type-post","status-publish","format-standard","has-post-thumbnail","hentry","category-futbol"],"_links":{"self":[{"href":"https:\/\/haberbesiktas.tr\/index.php?rest_route=\/wp\/v2\/posts\/41302","targetHints":{"allow":["GET"]}}],"collection":[{"href":"https:\/\/haberbesiktas.tr\/index.php?rest_route=\/wp\/v2\/posts"}],"about":[{"href":"https:\/\/haberbesiktas.tr\/index.php?rest_route=\/wp\/v2\/types\/post"}],"author":[{"embeddable":true,"href":"https:\/\/haberbesiktas.tr\/index.php?rest_route=\/wp\/v2\/users\/1"}],"replies":[{"embeddable":true,"href":"https:\/\/haberbesiktas.tr\/index.php?rest_route=%2Fwp%2Fv2%2Fcomments&post=41302"}],"version-history":[{"count":1,"href":"https:\/\/haberbesiktas.tr\/index.php?rest_route=\/wp\/v2\/posts\/41302\/revisions"}],"predecessor-version":[{"id":41304,"href":"https:\/\/haberbesiktas.tr\/index.php?rest_route=\/wp\/v2\/posts\/41302\/revisions\/41304"}],"wp:featuredmedia":[{"embeddable":true,"href":"https:\/\/haberbesiktas.tr\/index.php?rest_route=\/wp\/v2\/media\/41303"}],"wp:attachment":[{"href":"https:\/\/haberbesiktas.tr\/index.php?rest_route=%2Fwp%2Fv2%2Fmedia&parent=41302"}],"wp:term":[{"taxonomy":"category","embeddable":true,"href":"https:\/\/haberbesiktas.tr\/index.php?rest_route=%2Fwp%2Fv2%2Fcategories&post=41302"},{"taxonomy":"post_tag","embeddable":true,"href":"https:\/\/haberbesiktas.tr\/index.php?rest_route=%2Fwp%2Fv2%2Ftags&post=41302"}],"curies":[{"name":"wp","href":"https:\/\/api.w.org\/{rel}","templated":true}]}}