{"id":41305,"date":"2025-06-24T19:36:26","date_gmt":"2025-06-24T19:36:26","guid":{"rendered":"https:\/\/haberbesiktas.tr\/?p=41305"},"modified":"2025-06-24T19:36:26","modified_gmt":"2025-06-24T19:36:26","slug":"jakobs-14-mac-sonra-sure-aldi","status":"publish","type":"post","link":"https:\/\/haberbesiktas.tr\/?p=41305","title":{"rendered":"Jakobs, 14 ma\u00e7 sonra s\u00fcre ald\u0131"},"content":{"rendered":"<div>\n<p>Galatasaray&#8217;\u0131n Senegalli sol beki Ismail Jakobs, 14 resmi ma\u00e7\u0131n akabinde alana \u00e7\u0131kt\u0131.\u00a0<\/p>\n<p> Son olarak \u00dcst\u00fcn Lig&#8217;in 21. haftas\u0131ndaki T\u00dcMOSAN Konyaspor kar\u015f\u0131la\u015fmas\u0131nda forma giyen Jakobs, ya\u015fad\u0131\u011f\u0131 a\u015fil tendonu sakatl\u0131\u011f\u0131 nedeniyle uzun m\u00fchlet formas\u0131ndan uzak kald\u0131.<\/p>\n<p> Bu s\u00fcre\u00e7te 8 lig, \u00fc\u00e7er UEFA Avrupa Ligi ve Ziraat T\u00fcrkiye Kupas\u0131 ma\u00e7\u0131na \u00e7\u0131kamayan Jakobs, Samsunspor \u00e7abas\u0131n\u0131n 83. dakikas\u0131nda oyuna dahil olarak yakla\u015f\u0131k 2,5 ay sonra bir resmi m\u00fcsabakada m\u00fcddet buldu.<\/p>\n<\/div>\n<p><\/p>\n","protected":false},"excerpt":{"rendered":"<p>Galatasaray&#8217;\u0131n Senegalli sol beki Ismail Jakobs, a\u015fil tendonu sakatl\u0131\u011f\u0131 nedeniyle 14 resmi ma\u00e7\u0131n akabinde Samsunspor kar\u015f\u0131s\u0131nda forma giyerek alanlara geri d\u00f6nd\u00fc.<\/p>\n","protected":false},"author":1,"featured_media":41306,"comment_status":"open","ping_status":"open","sticky":false,"template":"","format":"standard","meta":{"footnotes":""},"categories":[25],"tags":[],"class_list":["post-41305","post","type-post","status-publish","format-standard","has-post-thumbnail","hentry","category-futbol"],"_links":{"self":[{"href":"https:\/\/haberbesiktas.tr\/index.php?rest_route=\/wp\/v2\/posts\/41305","targetHints":{"allow":["GET"]}}],"collection":[{"href":"https:\/\/haberbesiktas.tr\/index.php?rest_route=\/wp\/v2\/posts"}],"about":[{"href":"https:\/\/haberbesiktas.tr\/index.php?rest_route=\/wp\/v2\/types\/post"}],"author":[{"embeddable":true,"href":"https:\/\/haberbesiktas.tr\/index.php?rest_route=\/wp\/v2\/users\/1"}],"replies":[{"embeddable":true,"href":"https:\/\/haberbesiktas.tr\/index.php?rest_route=%2Fwp%2Fv2%2Fcomments&post=41305"}],"version-history":[{"count":1,"href":"https:\/\/haberbesiktas.tr\/index.php?rest_route=\/wp\/v2\/posts\/41305\/revisions"}],"predecessor-version":[{"id":41307,"href":"https:\/\/haberbesiktas.tr\/index.php?rest_route=\/wp\/v2\/posts\/41305\/revisions\/41307"}],"wp:featuredmedia":[{"embeddable":true,"href":"https:\/\/haberbesiktas.tr\/index.php?rest_route=\/wp\/v2\/media\/41306"}],"wp:attachment":[{"href":"https:\/\/haberbesiktas.tr\/index.php?rest_route=%2Fwp%2Fv2%2Fmedia&parent=41305"}],"wp:term":[{"taxonomy":"category","embeddable":true,"href":"https:\/\/haberbesiktas.tr\/index.php?rest_route=%2Fwp%2Fv2%2Fcategories&post=41305"},{"taxonomy":"post_tag","embeddable":true,"href":"https:\/\/haberbesiktas.tr\/index.php?rest_route=%2Fwp%2Fv2%2Ftags&post=41305"}],"curies":[{"name":"wp","href":"https:\/\/api.w.org\/{rel}","templated":true}]}}