{"id":41380,"date":"2025-06-25T00:24:05","date_gmt":"2025-06-25T00:24:05","guid":{"rendered":"https:\/\/haberbesiktas.tr\/?p=41380"},"modified":"2025-06-25T00:24:05","modified_gmt":"2025-06-25T00:24:05","slug":"abdde-helikopter-kazasi-siemens-ceosu-oldu","status":"publish","type":"post","link":"https:\/\/haberbesiktas.tr\/?p=41380","title":{"rendered":"ABD&#8217;de helikopter kazas\u0131: Siemens CEO&#8217;su \u00f6ld\u00fc"},"content":{"rendered":"<div><span>New York Polis Departman\u0131 (NYPD), toplumsal medya platformu hesab\u0131ndan yapt\u0131\u011f\u0131 bir a\u00e7\u0131klamayla helikopter kazas\u0131 ya\u015fand\u0131\u011f\u0131n\u0131 duyurdu.<\/span><\/p>\n<p><span>A\u00e7\u0131klamada, Hudson Irma\u011f\u0131&#8217;na bir helikopter d\u00fc\u015ft\u00fc\u011f\u00fc, kaza nedeniyle b\u00f6lgeye birinci yard\u0131m tak\u0131mlar\u0131n\u0131n y\u00f6nlendirildi\u011fi belirtildi.<\/span><\/p>\n<p><span>Kazan\u0131n nedenine ait bilgi verilmedi.<\/span><\/p>\n<p><span>ABD bas\u0131n\u0131nda yer alan haberlerde, helikopterin y\u00fcksek ihtimalle turistik maksatlarla kullan\u0131ld\u0131\u011f\u0131 belirtilirken, kazada 6 ki\u015finin hayat\u0131n\u0131 kaybetti\u011fi tabir edildi.<\/span><\/p>\n<p><span>Bir emniyet yetkilisine nazaran kurbanlar ortas\u0131nda Siemens&#8217;in \u0130spanya CEO&#8217;su Agustin Escobar ve ailesi de bulunuyor.<\/span><\/p>\n<p><span>Soru\u015fturma hakk\u0131nda bilgi sahibi bir ki\u015finin Associated Press&#8217;e verdi\u011fi bilgiye nazaran kurbanlar ortas\u0131nda pilotun yan\u0131 s\u0131ra bir g\u00fc\u00e7 teknolojisi \u015firketinde global y\u00f6netici olan Escobar&#8217;\u0131n e\u015fi Merce Camprub\u0131 Montal ve \u00fc\u00e7 \u00e7ocu\u011fu da bulunuyor.<\/span><\/p>\n<p><strong>SIEMENS&#8217;TEN A\u00c7IKLAMA<\/strong><\/p>\n<p><span>Siemens de \u015firketin Demiryolu Altyap\u0131s\u0131 k\u0131sm\u0131n\u0131n global CEO&#8217;su Agustin Escobar&#8217;\u0131n helikopter kazas\u0131nda ailesiyle birlikte hayat\u0131n\u0131 kaybetti\u011fini a\u00e7\u0131klad\u0131.<\/span><\/p>\n<p><span>\u015eirketten yap\u0131lan a\u00e7\u0131klamada, &#8220;Agustin Escobar ve ailesinin hayat\u0131na mal olan trajik helikopter kazas\u0131ndan \u00f6t\u00fcr\u00fc derin \u0131st\u0131rap duyuyoruz. T\u00fcm yak\u0131nlar\u0131na en derin taziyelerimizi iletiyoruz&#8221; denildi.<\/span><br \/><strong><br \/>\u0130SPANYA&#8217;DAN GELEN B\u0130R A\u0130LE HAYATINI KAYBETT\u0130<\/strong><\/p>\n<p><span>New York Belediye Ba\u015fkan\u0131 Eric Adams, d\u00fczenledi\u011fi bas\u0131n toplant\u0131s\u0131nda, kazada 3&#8217;\u00fc yeti\u015fkin, 3&#8217;\u00fc \u00e7ocuk olmak \u00fczere 6 ki\u015finin hayat\u0131n\u0131 kaybetti\u011fini bildirdi.<\/span><\/p>\n<p><span>Helikopterde pilotun yan\u0131 s\u0131ra \u0130spanya&#8217;dan New York&#8217;u gezmeye gelen bir ailenin bulundu\u011funu kaydeden Adams, kazan\u0131n nedenini tespit etmek i\u00e7in soru\u015fturma ba\u015flat\u0131ld\u0131\u011f\u0131n\u0131 duyurdu.<\/span><\/p>\n<p><span>NYPD Komiseri Jessica Tisch ise 4 ki\u015finin kaza mahallinde, 2 ki\u015finin ise hastanede hayat\u0131n\u0131 kaybetti\u011finin tespit edildi\u011fini s\u00f6yledi.<\/span><\/p>\n<p><span>Kurbanlar\u0131n ailelerine bilgi verme s\u00fcrecinde olduklar\u0131n\u0131 aktaran Tisch, hayat\u0131n\u0131 kaybedenlerin isimlerini a\u00e7\u0131klamad\u0131.<\/span><\/div>\n<p> <\/p>\n<div>Haber ile daha fazlas\u0131na ula\u015f\u0131n:<\/div>\n<div>G\u00fcndem<\/div>\n","protected":false},"excerpt":{"rendered":"<p>ABD&#8217;nin New York kentindeki Hudson \u0131rma\u011f\u0131na bir helikopter d\u00fc\u015ft\u00fc, 6 ki\u015fi hayat\u0131n\u0131 kaybetti. \u00d6lenler ortas\u0131nda Siemens&#8217;in \u0130spanya CEO&#8217;su Agustin Escobar ve ailesi de bulunuyor.<\/p>\n","protected":false},"author":1,"featured_media":41381,"comment_status":"open","ping_status":"open","sticky":false,"template":"","format":"standard","meta":{"footnotes":""},"categories":[10],"tags":[1430,3136,3135,518,1486],"class_list":["post-41380","post","type-post","status-publish","format-standard","has-post-thumbnail","hentry","category-basketbol","tag-aile","tag-hayatini-kaybetti","tag-helikopter","tag-kaza","tag-kisinin"],"_links":{"self":[{"href":"https:\/\/haberbesiktas.tr\/index.php?rest_route=\/wp\/v2\/posts\/41380","targetHints":{"allow":["GET"]}}],"collection":[{"href":"https:\/\/haberbesiktas.tr\/index.php?rest_route=\/wp\/v2\/posts"}],"about":[{"href":"https:\/\/haberbesiktas.tr\/index.php?rest_route=\/wp\/v2\/types\/post"}],"author":[{"embeddable":true,"href":"https:\/\/haberbesiktas.tr\/index.php?rest_route=\/wp\/v2\/users\/1"}],"replies":[{"embeddable":true,"href":"https:\/\/haberbesiktas.tr\/index.php?rest_route=%2Fwp%2Fv2%2Fcomments&post=41380"}],"version-history":[{"count":1,"href":"https:\/\/haberbesiktas.tr\/index.php?rest_route=\/wp\/v2\/posts\/41380\/revisions"}],"predecessor-version":[{"id":41382,"href":"https:\/\/haberbesiktas.tr\/index.php?rest_route=\/wp\/v2\/posts\/41380\/revisions\/41382"}],"wp:featuredmedia":[{"embeddable":true,"href":"https:\/\/haberbesiktas.tr\/index.php?rest_route=\/wp\/v2\/media\/41381"}],"wp:attachment":[{"href":"https:\/\/haberbesiktas.tr\/index.php?rest_route=%2Fwp%2Fv2%2Fmedia&parent=41380"}],"wp:term":[{"taxonomy":"category","embeddable":true,"href":"https:\/\/haberbesiktas.tr\/index.php?rest_route=%2Fwp%2Fv2%2Fcategories&post=41380"},{"taxonomy":"post_tag","embeddable":true,"href":"https:\/\/haberbesiktas.tr\/index.php?rest_route=%2Fwp%2Fv2%2Ftags&post=41380"}],"curies":[{"name":"wp","href":"https:\/\/api.w.org\/{rel}","templated":true}]}}