{"id":41383,"date":"2025-06-25T00:36:08","date_gmt":"2025-06-25T00:36:08","guid":{"rendered":"https:\/\/haberbesiktas.tr\/?p=41383"},"modified":"2025-06-25T00:36:08","modified_gmt":"2025-06-25T00:36:08","slug":"fenerbahce-satildi-mi-fenerbahceden-flas-karar","status":"publish","type":"post","link":"https:\/\/haberbesiktas.tr\/?p=41383","title":{"rendered":"Fenerbah\u00e7e sat\u0131ld\u0131 m\u0131? Fenerbah\u00e7e&#8217;den fla\u015f karar"},"content":{"rendered":"<div><span>KAP&#8217;a yap\u0131lan duyuruda, Fenerbah\u00e7e Spor Kul\u00fcb\u00fc&#8217;n\u00fcn, Fenerbah\u00e7e Futbol A.\u015e.&#8217;deki mevcut sermayesinin %4,80&#8217;ini temsil eden 12 milyon adet B K\u00fcmesi hissesini, \u00f6zel bir buyrukla yabanc\u0131 bir kurumsal yat\u0131r\u0131mc\u0131ya devretti\u011fi belirtildi.<\/span><\/p>\n<p><span>Sat\u0131\u015f s\u00fcreci, pay ba\u015f\u0131na 46,10 TL fiyat \u00fczerinden ger\u00e7ekle\u015fti. Bu fiyat\u0131n, Per\u015fembe g\u00fcnk\u00fc kapan\u0131\u015f bedeline nazaran %4 oran\u0131nda bir iskontoyla yap\u0131ld\u0131\u011f\u0131 g\u00f6r\u00fcld\u00fc.<\/span><\/p>\n<p><span>Fenerbah\u00e7e Spor Kul\u00fcb\u00fc&#8217;n\u00fcn Hissedarl\u0131k Oran\u0131 D\u00fc\u015ft\u00fc<\/span><\/p>\n<p><span>Bu sat\u0131\u015f\u0131n akabinde Fenerbah\u00e7e Spor Kul\u00fcb\u00fc&#8217;n\u00fcn, Fenerbah\u00e7e Futbol A.\u015e.&#8217;deki hissedarl\u0131k oran\u0131 %62,27&#8217;ye geriledi. Lakin bu oran, kul\u00fcb\u00fcn futbol \u015firketi \u00fczerindeki denetiminin devam etti\u011fini g\u00f6steriyor.<\/span><\/p>\n<p><span>Sonu\u00e7 olarak, Fenerbah\u00e7e Spor Kul\u00fcb\u00fc&#8217;nde bir pay sat\u0131\u015f\u0131 ger\u00e7ekle\u015fmi\u015f olsa da, kul\u00fcb\u00fcn tamam\u0131n\u0131n sat\u0131ld\u0131\u011f\u0131 istikametinde bir durum kelam konusu de\u011fil. Fenerbah\u00e7e Spor Kul\u00fcb\u00fc, Fenerbah\u00e7e Futbol A.\u015e.&#8217;deki \u00e7o\u011funluk pay\u0131n\u0131 m\u00fcdafaaya devam ediyor.<\/span><\/div>\n<p> <\/p>\n<div>Haber ile daha fazlas\u0131na ula\u015f\u0131n:<\/div>\n<div>G\u00fcndem<\/div>\n","protected":false},"excerpt":{"rendered":"<p>Fenerbah\u00e7e Futbol A.\u015e.&#8217;de k\u0131ymetli bir geli\u015fme ya\u015fand\u0131. Kamuyu Ayd\u0131nlatma Platformu&#8217;na (KAP) yap\u0131lan resmi a\u00e7\u0131klamaya nazaran, Fenerbah\u00e7e Spor Kul\u00fcb\u00fc, futbol \u015firketindeki paylar\u0131n\u0131n bir k\u0131sm\u0131n\u0131 yabanc\u0131 bir kurumsal yat\u0131r\u0131mc\u0131ya satt\u0131.<\/p>\n","protected":false},"author":1,"featured_media":41384,"comment_status":"open","ping_status":"open","sticky":false,"template":"","format":"standard","meta":{"footnotes":""},"categories":[10],"tags":[3137,2279],"class_list":["post-41383","post","type-post","status-publish","format-standard","has-post-thumbnail","hentry","category-basketbol","tag-fenerbahce-spor","tag-hisse"],"_links":{"self":[{"href":"https:\/\/haberbesiktas.tr\/index.php?rest_route=\/wp\/v2\/posts\/41383","targetHints":{"allow":["GET"]}}],"collection":[{"href":"https:\/\/haberbesiktas.tr\/index.php?rest_route=\/wp\/v2\/posts"}],"about":[{"href":"https:\/\/haberbesiktas.tr\/index.php?rest_route=\/wp\/v2\/types\/post"}],"author":[{"embeddable":true,"href":"https:\/\/haberbesiktas.tr\/index.php?rest_route=\/wp\/v2\/users\/1"}],"replies":[{"embeddable":true,"href":"https:\/\/haberbesiktas.tr\/index.php?rest_route=%2Fwp%2Fv2%2Fcomments&post=41383"}],"version-history":[{"count":1,"href":"https:\/\/haberbesiktas.tr\/index.php?rest_route=\/wp\/v2\/posts\/41383\/revisions"}],"predecessor-version":[{"id":41385,"href":"https:\/\/haberbesiktas.tr\/index.php?rest_route=\/wp\/v2\/posts\/41383\/revisions\/41385"}],"wp:featuredmedia":[{"embeddable":true,"href":"https:\/\/haberbesiktas.tr\/index.php?rest_route=\/wp\/v2\/media\/41384"}],"wp:attachment":[{"href":"https:\/\/haberbesiktas.tr\/index.php?rest_route=%2Fwp%2Fv2%2Fmedia&parent=41383"}],"wp:term":[{"taxonomy":"category","embeddable":true,"href":"https:\/\/haberbesiktas.tr\/index.php?rest_route=%2Fwp%2Fv2%2Fcategories&post=41383"},{"taxonomy":"post_tag","embeddable":true,"href":"https:\/\/haberbesiktas.tr\/index.php?rest_route=%2Fwp%2Fv2%2Ftags&post=41383"}],"curies":[{"name":"wp","href":"https:\/\/api.w.org\/{rel}","templated":true}]}}