{"id":4141,"date":"2025-01-17T07:24:07","date_gmt":"2025-01-17T07:24:07","guid":{"rendered":"https:\/\/haberbesiktas.tr\/?p=4141"},"modified":"2025-01-17T07:24:07","modified_gmt":"2025-01-17T07:24:07","slug":"lale-orta-erden-timur-belgesi-varsa-neden-yayinlamadi","status":"publish","type":"post","link":"https:\/\/haberbesiktas.tr\/?p=4141","title":{"rendered":"Lale Orta: &#8220;Erden Timur belgesi varsa neden yay\u0131nlamad\u0131?&#8221;"},"content":{"rendered":"<div>MHK eski ba\u015fkan\u0131 Lale Orta, Erden Timur&#8217;u TV100&#8217;deki yay\u0131n\u0131ndaki kelamlar\u0131na kar\u015f\u0131l\u0131k verdi.<br \/> <strong>&#8220;MADEM EVRAKI VARDI, NEDEN SUNAMADI&#8221;<\/strong><\/p>\n<p> \u0130letisini Ersin Tertip arac\u0131l\u0131\u011f\u0131yla yeniden TV100 ekranlar\u0131nda ileten Orta, <strong>&#8220;Ali Ko\u00e7&#8217;a ne manzara g\u00f6nderdim, ne de seyrettirdim. Bunlar\u0131n hepsi palavra. Hi\u00e7bir kul\u00fcbe rastgele bir imaj g\u00f6ndermedim. Ben istifa etmedim. M\u00fcddetim doldu, se\u00e7im oldu, di\u011feri atand\u0131. Donk olay\u0131nda da, di\u011fer konumlarda da durumlar\u0131n her a\u00e7\u0131dan g\u00f6sterilerek kamuoyunun ayd\u0131nlat\u0131lmas\u0131 gerekti\u011fi g\u00f6r\u00fc\u015f\u00fcm\u00fc yay\u0131nc\u0131 kurulu\u015fla payla\u015ft\u0131m. Kimseye bask\u0131 yapmad\u0131m. Erden Timur, Etik \u015euras\u0131&#8217;ndan k\u0131nama cezas\u0131 ald\u0131. Karar\u0131 Tahkim Konseyi&#8217;ne ta\u015f\u0131yarak itiraz etti. Tahkim karar\u0131 onad\u0131. Madem elinde delil vard\u0131. Neden hem Tahkim&#8217;e hem Etik Heyeti&#8217;ne sunamad\u0131. Ne hakemli\u011fim ne Merkez Hakem Kurulu ba\u015fkanl\u0131\u011f\u0131m s\u0131ras\u0131nda sayfamda tek bir leke bile yok. Herkesin etik davran\u0131\u015f i\u00e7inde olmas\u0131 beklentimdir.&#8221;<\/strong> tabirlerini kulland\u0131.<\/p>\n<p><strong>ERDEN T\u0130MUR NE DEM\u0130\u015eT\u0130?<\/strong><\/p>\n<p>Erden Timur, TV100&#8217;deki programda, <strong>&#8220;<\/strong><span><strong>Lale Orta&#8217;n\u0131n Ali Ko\u00e7&#8217;a bilgi aktard\u0131\u011f\u0131n\u0131 s\u00f6ylediniz. Bu bilgi size nereden geldi?&#8221;<\/strong> sorusuna, <strong>&#8220;<\/strong><span><strong>Yanl\u0131\u015fa dur diyen be\u015ferler var. Bir MHK Lideri&#8217;nin bir kul\u00fcp liderine kendini a\u00e7\u0131klamas\u0131&#8230; Benim bunu yapt\u0131\u011f\u0131m\u0131 kimse s\u00f6yleyemez mesela.&#8221;<\/strong> tabirlerini kullanm\u0131\u015ft\u0131.<\/span><\/span><\/div>\n","protected":false},"excerpt":{"rendered":"<p>MHK eski ba\u015fkan\u0131 Lale Orta, Erden Timur&#8217;u TV100&#8217;deki yay\u0131n\u0131ndaki kelamlar\u0131na cevap verdi.<\/p>\n","protected":false},"author":1,"featured_media":4142,"comment_status":"open","ping_status":"open","sticky":false,"template":"","format":"standard","meta":{"footnotes":""},"categories":[25],"tags":[],"class_list":["post-4141","post","type-post","status-publish","format-standard","has-post-thumbnail","hentry","category-futbol"],"_links":{"self":[{"href":"https:\/\/haberbesiktas.tr\/index.php?rest_route=\/wp\/v2\/posts\/4141","targetHints":{"allow":["GET"]}}],"collection":[{"href":"https:\/\/haberbesiktas.tr\/index.php?rest_route=\/wp\/v2\/posts"}],"about":[{"href":"https:\/\/haberbesiktas.tr\/index.php?rest_route=\/wp\/v2\/types\/post"}],"author":[{"embeddable":true,"href":"https:\/\/haberbesiktas.tr\/index.php?rest_route=\/wp\/v2\/users\/1"}],"replies":[{"embeddable":true,"href":"https:\/\/haberbesiktas.tr\/index.php?rest_route=%2Fwp%2Fv2%2Fcomments&post=4141"}],"version-history":[{"count":1,"href":"https:\/\/haberbesiktas.tr\/index.php?rest_route=\/wp\/v2\/posts\/4141\/revisions"}],"predecessor-version":[{"id":4143,"href":"https:\/\/haberbesiktas.tr\/index.php?rest_route=\/wp\/v2\/posts\/4141\/revisions\/4143"}],"wp:featuredmedia":[{"embeddable":true,"href":"https:\/\/haberbesiktas.tr\/index.php?rest_route=\/wp\/v2\/media\/4142"}],"wp:attachment":[{"href":"https:\/\/haberbesiktas.tr\/index.php?rest_route=%2Fwp%2Fv2%2Fmedia&parent=4141"}],"wp:term":[{"taxonomy":"category","embeddable":true,"href":"https:\/\/haberbesiktas.tr\/index.php?rest_route=%2Fwp%2Fv2%2Fcategories&post=4141"},{"taxonomy":"post_tag","embeddable":true,"href":"https:\/\/haberbesiktas.tr\/index.php?rest_route=%2Fwp%2Fv2%2Ftags&post=4141"}],"curies":[{"name":"wp","href":"https:\/\/api.w.org\/{rel}","templated":true}]}}